{"id":19387,"date":"2025-03-24T17:06:21","date_gmt":"2025-03-24T16:06:21","guid":{"rendered":"https:\/\/taxadora.com\/?p=19387"},"modified":"2026-03-17T15:43:47","modified_gmt":"2026-03-17T14:43:47","slug":"hyresinkomstskatt-i-spanien-2026-for-icke-residenter-komplett-guide","status":"publish","type":"post","link":"https:\/\/taxadora.com\/sv\/blog\/hyresinkomstskatt-i-spanien-2026-for-icke-residenter-komplett-guide\/","title":{"rendered":"Hyresinkomstskatt i Spanien 2026 f\u00f6r icke-residenter \u2013 komplett guide"},"content":{"rendered":"\t\t<div data-elementor-type=\"wp-post\" data-elementor-id=\"19387\" class=\"elementor elementor-19387 elementor-16086\" data-elementor-post-type=\"post\">\n\t\t\t\t\t\t<section class=\"elementor-section elementor-top-section elementor-element elementor-element-15b33513 elementor-section-boxed elementor-section-height-default elementor-section-height-default\" data-id=\"15b33513\" data-element_type=\"section\" data-e-type=\"section\">\n\t\t\t\t\t\t<div class=\"elementor-container elementor-column-gap-default\">\n\t\t\t\t\t<div class=\"elementor-column elementor-col-100 elementor-top-column elementor-element elementor-element-d617b61\" data-id=\"d617b61\" data-element_type=\"column\" data-e-type=\"column\">\n\t\t\t<div class=\"elementor-widget-wrap elementor-element-populated\">\n\t\t\t\t\t\t<div class=\"elementor-element elementor-element-5a3422e8 elementor-widget elementor-widget-text-editor\" data-id=\"5a3422e8\" data-element_type=\"widget\" data-e-type=\"widget\" data-widget_type=\"text-editor.default\">\n\t\t\t\t<div class=\"elementor-widget-container\">\n\t\t\t\t\t\t\t\t\t<h1 data-section-id=\"12e0ia9\" data-start=\"128\" data-end=\"199\">Hyresinkomstskatt i Spanien 2026 f\u00f6r icke-residenter \u2013 komplett guide<\/h1><p data-start=\"201\" data-end=\"221\"><strong data-start=\"201\" data-end=\"221\">Uppdaterad: 2026<\/strong><\/p><h2 data-section-id=\"135a2bx\" data-start=\"223\" data-end=\"238\">Introduktion<\/h2><p data-start=\"240\" data-end=\"460\">Om du \u00e4r icke-resident fastighets\u00e4gare i Spanien och hyr ut din bostad \u00e4r du skyldig att deklarera och betala skatt p\u00e5 hyresinkomster i Spanien. Reglerna \u00e4r strikta och felaktig deklaration kan leda till b\u00f6ter och r\u00e4nta.<\/p><p data-start=\"462\" data-end=\"621\">Den h\u00e4r guiden f\u00f6rklarar hur hyresinkomstskatt i Spanien fungerar 2026, vilka skattesatser som g\u00e4ller, vilka avdrag du kan g\u00f6ra samt hur du deklarerar korrekt.<\/p><hr data-start=\"623\" data-end=\"626\" \/><h2 data-section-id=\"1twxfg3\" data-start=\"628\" data-end=\"676\">Vem m\u00e5ste betala hyresinkomstskatt i Spanien?<\/h2><p data-start=\"678\" data-end=\"723\">Du m\u00e5ste deklarera hyresinkomst i Spanien om:<\/p><ul data-start=\"725\" data-end=\"833\"><li data-section-id=\"1t0cay8\" data-start=\"725\" data-end=\"748\"><p data-start=\"727\" data-end=\"748\">Du \u00e4r icke-resident<\/p><\/li><li data-section-id=\"fij7qu\" data-start=\"749\" data-end=\"783\"><p data-start=\"751\" data-end=\"783\">Du \u00e4ger en fastighet i Spanien<\/p><\/li><li data-section-id=\"6twbm\" data-start=\"784\" data-end=\"833\"><p data-start=\"786\" data-end=\"833\">Du hyr ut fastigheten och genererar inkomster<\/p><\/li><\/ul><p data-start=\"835\" data-end=\"931\">Detta g\u00e4ller b\u00e5de privatpersoner och f\u00f6retag, oavsett om du \u00e4r bosatt inom EU\/EES eller utanf\u00f6r.<\/p><p data-start=\"933\" data-end=\"985\">Spanska skattemyndigheten \u00f6vervakar uthyrning genom:<\/p><ul data-start=\"986\" data-end=\"1076\"><li data-section-id=\"1xa2eol\" data-start=\"986\" data-end=\"1007\"><p data-start=\"988\" data-end=\"1007\">Banktransaktioner<\/p><\/li><li data-section-id=\"1pu0ro6\" data-start=\"1008\" data-end=\"1037\"><p data-start=\"1010\" data-end=\"1037\">El- och vattenf\u00f6rbrukning<\/p><\/li><li data-section-id=\"onhldk\" data-start=\"1038\" data-end=\"1076\"><p data-start=\"1040\" data-end=\"1076\">Plattformar som Airbnb och Booking<\/p><\/li><\/ul><hr data-start=\"1078\" data-end=\"1081\" \/><h2 data-section-id=\"7asj5w\" data-start=\"1083\" data-end=\"1130\">Skattesatser f\u00f6r hyresinkomst i Spanien 2026<\/h2><p data-start=\"1132\" data-end=\"1175\">Skatten beror p\u00e5 din skattem\u00e4ssiga hemvist:<\/p><ul data-start=\"1177\" data-end=\"1305\"><li data-section-id=\"1llwkph\" data-start=\"1177\" data-end=\"1239\"><p data-start=\"1179\" data-end=\"1239\"><strong data-start=\"1179\" data-end=\"1201\">EU\/EES-residenter:<\/strong> 19 % p\u00e5 nettovinsten (efter avdrag)<\/p><\/li><li data-section-id=\"4uec2m\" data-start=\"1240\" data-end=\"1305\"><p data-start=\"1242\" data-end=\"1305\"><strong data-start=\"1242\" data-end=\"1265\">Icke-EU-residenter:<\/strong> 24 % p\u00e5 bruttoinkomsten (inga avdrag)<\/p><\/li><\/ul><p data-start=\"1307\" data-end=\"1376\">Detta inneb\u00e4r att EU\/EES-investerare ofta har en skattem\u00e4ssig f\u00f6rdel.<\/p><hr data-start=\"1378\" data-end=\"1381\" \/><h2 data-section-id=\"m92mqr\" data-start=\"1383\" data-end=\"1414\">Avdrag f\u00f6r EU\/EES-medborgare<\/h2><p data-start=\"1416\" data-end=\"1540\">Om du \u00e4r bosatt inom EU\/EES kan du minska din beskattningsbara inkomst genom att dra av kostnader kopplade till uthyrningen.<\/p><h3 data-section-id=\"h8kbc1\" data-start=\"1542\" data-end=\"1561\">Vanliga avdrag:<\/h3><ul data-start=\"1563\" data-end=\"1776\"><li data-section-id=\"3tx7uy\" data-start=\"1563\" data-end=\"1578\"><p data-start=\"1565\" data-end=\"1578\">Bol\u00e5ner\u00e4nta<\/p><\/li><li data-section-id=\"n9xyrb\" data-start=\"1579\" data-end=\"1609\"><p data-start=\"1581\" data-end=\"1609\">Underh\u00e5ll och reparationer<\/p><\/li><li data-section-id=\"v4kzt4\" data-start=\"1610\" data-end=\"1658\"><p data-start=\"1612\" data-end=\"1658\">Fastighetsf\u00f6rvaltning och uthyrningsavgifter<\/p><\/li><li data-section-id=\"g7onlj\" data-start=\"1659\" data-end=\"1675\"><p data-start=\"1661\" data-end=\"1675\">F\u00f6rs\u00e4kringar<\/p><\/li><li data-section-id=\"xchdzv\" data-start=\"1676\" data-end=\"1712\"><p data-start=\"1678\" data-end=\"1712\">Driftkostnader (el, vatten, gas)<\/p><\/li><li data-section-id=\"13tlwja\" data-start=\"1713\" data-end=\"1738\"><p data-start=\"1715\" data-end=\"1738\">Fastighetsskatt (IBI)<\/p><\/li><li data-section-id=\"1fp32tv\" data-start=\"1739\" data-end=\"1776\"><p data-start=\"1741\" data-end=\"1776\">Vissa skattem\u00e4ssiga avskrivningar<\/p><\/li><\/ul><p data-start=\"1778\" data-end=\"1876\"><strong data-start=\"1778\" data-end=\"1792\">Observera:<\/strong><br data-start=\"1792\" data-end=\"1795\" \/>Icke-EU-residenter (inklusive brittiska medborgare) f\u00e5r normalt inte g\u00f6ra avdrag.<\/p><hr data-start=\"1878\" data-end=\"1881\" \/><h2 data-section-id=\"kjwpck\" data-start=\"1883\" data-end=\"1926\">Deklaration av hyresinkomst (Modelo 210)<\/h2><p data-start=\"1928\" data-end=\"1989\">Sedan 2024 g\u00e4ller \u00e5rlig deklaration ist\u00e4llet f\u00f6r kvartalsvis.<\/p><h3 data-section-id=\"9xrwim\" data-start=\"1991\" data-end=\"2015\">Viktiga regler 2026:<\/h3><ul data-start=\"2017\" data-end=\"2141\"><li data-section-id=\"7fv920\" data-start=\"2017\" data-end=\"2045\"><p data-start=\"2019\" data-end=\"2045\"><strong data-start=\"2019\" data-end=\"2032\">Formul\u00e4r:<\/strong> Modelo 210<\/p><\/li><li data-section-id=\"1txn5d4\" data-start=\"2046\" data-end=\"2094\"><p data-start=\"2048\" data-end=\"2094\"><strong data-start=\"2048\" data-end=\"2059\">Period:<\/strong> januari\u2013december (f\u00f6reg\u00e5ende \u00e5r)<\/p><\/li><li data-section-id=\"1qjh1zc\" data-start=\"2095\" data-end=\"2141\"><p data-start=\"2097\" data-end=\"2141\"><strong data-start=\"2097\" data-end=\"2110\">Deadline:<\/strong> senast 20 januari \u00e5ret efter<\/p><\/li><\/ul><p data-start=\"2143\" data-end=\"2216\">\u00c4ldre perioder (f\u00f6re 2024) kan fortfarande kr\u00e4va kvartalsvis deklaration.<\/p><hr data-start=\"2218\" data-end=\"2221\" \/><h2 data-section-id=\"zxhyil\" data-start=\"2223\" data-end=\"2268\">Hur deklarerar man hyresinkomst i Spanien?<\/h2><p data-start=\"2270\" data-end=\"2303\">Processen omfattar f\u00f6ljande steg:<\/p><ol data-start=\"2305\" data-end=\"2495\"><li data-section-id=\"1l5x11i\" data-start=\"2305\" data-end=\"2338\"><p data-start=\"2308\" data-end=\"2338\">Ber\u00e4kna totala hyresint\u00e4kter<\/p><\/li><li data-section-id=\"1xcavib\" data-start=\"2339\" data-end=\"2378\"><p data-start=\"2342\" data-end=\"2378\">Dra av godk\u00e4nda kostnader (EU\/EES)<\/p><\/li><li data-section-id=\"4qx8xr\" data-start=\"2379\" data-end=\"2426\"><p data-start=\"2382\" data-end=\"2426\">Till\u00e4mpa r\u00e4tt skattesats (19 % eller 24 %)<\/p><\/li><li data-section-id=\"vfh8g1\" data-start=\"2427\" data-end=\"2451\"><p data-start=\"2430\" data-end=\"2451\">L\u00e4mna in Modelo 210<\/p><\/li><li data-section-id=\"1wwm3dr\" data-start=\"2452\" data-end=\"2495\"><p data-start=\"2455\" data-end=\"2495\">Betala skatten till Agencia Tributaria<\/p><\/li><\/ol><p data-start=\"2497\" data-end=\"2592\">Du m\u00e5ste \u00e4ven deklarera inkomsten i ditt hemland, d\u00e4r den spanska skatten normalt kan avr\u00e4knas.<\/p><hr data-start=\"2594\" data-end=\"2597\" \/><h2 data-section-id=\"wvogwf\" data-start=\"2599\" data-end=\"2644\">B\u00f6ter och risker vid utebliven deklaration<\/h2><p data-start=\"2646\" data-end=\"2709\">Om du inte deklarerar korrekt kan f\u00f6ljande konsekvenser uppst\u00e5:<\/p><ul data-start=\"2711\" data-end=\"2798\"><li data-section-id=\"1wqhuu5\" data-start=\"2711\" data-end=\"2733\"><p data-start=\"2713\" data-end=\"2733\">F\u00f6rseningsavgifter<\/p><\/li><li data-section-id=\"azbt4w\" data-start=\"2734\" data-end=\"2762\"><p data-start=\"2736\" data-end=\"2762\">R\u00e4nta p\u00e5 obetalda belopp<\/p><\/li><li data-section-id=\"fqq9yw\" data-start=\"2763\" data-end=\"2783\"><p data-start=\"2765\" data-end=\"2783\">Skattegranskning<\/p><\/li><li data-section-id=\"s3xqtj\" data-start=\"2784\" data-end=\"2798\"><p data-start=\"2786\" data-end=\"2798\">H\u00f6ga b\u00f6ter<\/p><\/li><\/ul><p data-start=\"2800\" data-end=\"2850\">Ju l\u00e4ngre du v\u00e4ntar, desto h\u00f6gre blir kostnaderna.<\/p><hr data-start=\"2852\" data-end=\"2855\" \/><h2 data-section-id=\"3zr32l\" data-start=\"2857\" data-end=\"2900\">Vanliga fr\u00e5gor om hyresinkomst i Spanien<\/h2><h3 data-section-id=\"1alrlyc\" data-start=\"2902\" data-end=\"2956\">G\u00e4ller reglerna \u00e4ven Airbnb och korttidsuthyrning?<\/h3><p data-start=\"2957\" data-end=\"3032\">Ja, samma skatteregler g\u00e4ller. Vissa regioner kr\u00e4ver dessutom turistlicens.<\/p><h3 data-section-id=\"13g5e9w\" data-start=\"3034\" data-end=\"3088\">M\u00e5ste jag deklarera om fastigheten inte \u00e4r uthyrd?<\/h3><p data-start=\"3089\" data-end=\"3175\">Ingen hyresinkomst beskattas, men du m\u00e5ste deklarera schablonint\u00e4kt som icke-resident.<\/p><h3 data-section-id=\"1ay09jm\" data-start=\"3177\" data-end=\"3221\">Vad h\u00e4nder om jag har flera fastigheter?<\/h3><p data-start=\"3222\" data-end=\"3270\">Varje fastighet deklareras separat i Modelo 210.<\/p><h3 data-section-id=\"wiiib3\" data-start=\"3272\" data-end=\"3312\">Kan jag betala fr\u00e5n utl\u00e4ndskt konto?<\/h3><p data-start=\"3313\" data-end=\"3372\">Ja, men betalningen m\u00e5ste g\u00f6ras i euro enligt spanska krav.<\/p><hr data-start=\"3374\" data-end=\"3377\" \/><h2 data-section-id=\"vjyfeq\" data-start=\"3379\" data-end=\"3409\">Vanliga misstag att undvika<\/h2><ul data-start=\"3411\" data-end=\"3566\"><li data-section-id=\"1a7b9r7\" data-start=\"3411\" data-end=\"3445\"><p data-start=\"3413\" data-end=\"3445\">Fel skattesats (EU vs icke-EU)<\/p><\/li><li data-section-id=\"goh5p1\" data-start=\"3446\" data-end=\"3467\"><p data-start=\"3448\" data-end=\"3467\">Missade deadlines<\/p><\/li><li data-section-id=\"s44id5\" data-start=\"3468\" data-end=\"3504\"><p data-start=\"3470\" data-end=\"3504\">Felaktiga eller uteblivna avdrag<\/p><\/li><li data-section-id=\"lj123g\" data-start=\"3505\" data-end=\"3566\"><p data-start=\"3507\" data-end=\"3566\">Underrapportering av inkomster fr\u00e5n uthyrningsplattformar<\/p><\/li><\/ul><hr data-start=\"3568\" data-end=\"3571\" \/><h2 data-section-id=\"rc03fp\" data-start=\"3573\" data-end=\"3627\">Hyresinkomstskatt i Spanien 2026 \u2013 varf\u00f6r ta hj\u00e4lp?<\/h2><p data-start=\"3629\" data-end=\"3739\">Spanska skatteregler f\u00f6r icke-residenter \u00e4r komplexa och \u00e4ndras \u00f6ver tid. Professionell hj\u00e4lp kan s\u00e4kerst\u00e4lla:<\/p><ul data-start=\"3741\" data-end=\"3859\"><li data-section-id=\"1i6ztcq\" data-start=\"3741\" data-end=\"3778\"><p data-start=\"3743\" data-end=\"3778\">Korrekt deklaration av Modelo 210<\/p><\/li><li data-section-id=\"198250f\" data-start=\"3779\" data-end=\"3803\"><p data-start=\"3781\" data-end=\"3803\">Maximering av avdrag<\/p><\/li><li data-section-id=\"ejxx3m\" data-start=\"3804\" data-end=\"3832\"><p data-start=\"3806\" data-end=\"3832\">Efterlevnad av deadlines<\/p><\/li><li data-section-id=\"c90rgp\" data-start=\"3833\" data-end=\"3859\"><p data-start=\"3835\" data-end=\"3859\">Minskad risk f\u00f6r b\u00f6ter<\/p><\/li><\/ul><hr data-start=\"3861\" data-end=\"3864\" \/><h2 data-section-id=\"1vv9f2\" data-start=\"3866\" data-end=\"3877\">Slutsats<\/h2><p data-start=\"3879\" data-end=\"4096\">Hyresinkomstskatt i Spanien f\u00f6r icke-residenter 2026 kr\u00e4ver noggrann hantering av inkomster, avdrag och deklarationer. Genom att f\u00f6rst\u00e5 reglerna och agera i tid kan du undvika problem och optimera din skattesituation.<\/p>\t\t\t\t\t\t\t\t<\/div>\n\t\t\t\t<\/div>\n\t\t\t\t\t<\/div>\n\t\t<\/div>\n\t\t\t\t\t<\/div>\n\t\t<\/section>\n\t\t<div class=\"elementor-element elementor-element-a5a0a5f e-con-full e-flex e-con e-parent\" data-id=\"a5a0a5f\" data-element_type=\"container\" data-e-type=\"container\">\n\t\t\t\t<div class=\"elementor-element elementor-element-dccb90a elementor-widget elementor-widget-shortcode\" data-id=\"dccb90a\" data-element_type=\"widget\" data-e-type=\"widget\" data-widget_type=\"shortcode.default\">\n\t\t\t\t<div class=\"elementor-widget-container\">\n\t\t\t\t\t\t\t<div class=\"elementor-shortcode\">\t\t<div data-elementor-type=\"section\" data-elementor-id=\"14252\" class=\"elementor elementor-14252 elementor-13711 elementor-13711\" data-elementor-post-type=\"elementor_library\">\n\t\t\t\t\t<section class=\"elementor-section elementor-top-section elementor-element elementor-element-ac97c0d elementor-section-boxed elementor-section-height-default elementor-section-height-default\" data-id=\"ac97c0d\" data-element_type=\"section\" data-e-type=\"section\" id=\"non-residents\" data-settings=\"{&quot;background_background&quot;:&quot;classic&quot;}\">\n\t\t\t\t\t\t<div class=\"elementor-container elementor-column-gap-default\">\n\t\t\t\t\t<div class=\"elementor-column elementor-col-100 elementor-top-column elementor-element elementor-element-03c7dca\" data-id=\"03c7dca\" data-element_type=\"column\" data-e-type=\"column\">\n\t\t\t<div class=\"elementor-widget-wrap elementor-element-populated\">\n\t\t\t\t\t\t<div class=\"elementor-element elementor-element-bffffa2 text-balance elementor-widget elementor-widget-heading\" data-id=\"bffffa2\" data-element_type=\"widget\" data-e-type=\"widget\" data-widget_type=\"heading.default\">\n\t\t\t\t<div class=\"elementor-widget-container\">\n\t\t\t\t\t<h2 class=\"elementor-heading-title elementor-size-xxl\">Spanska skatter f\u00f6r icke-residenta p\u00e5 bara n\u00e5gra minuter.<\/h2>\t\t\t\t<\/div>\n\t\t\t\t<\/div>\n\t\t\t\t<div class=\"elementor-element elementor-element-fc07fe8 elementor-widget elementor-widget-heading\" data-id=\"fc07fe8\" data-element_type=\"widget\" data-e-type=\"widget\" data-widget_type=\"heading.default\">\n\t\t\t\t<div class=\"elementor-widget-container\">\n\t\t\t\t\t<h2 class=\"elementor-heading-title elementor-size-xxl\">Skatter f\u00f6r icke-residenta<\/h2>\t\t\t\t<\/div>\n\t\t\t\t<\/div>\n\t\t\t\t<div class=\"elementor-element elementor-element-6278b30 elementor-widget elementor-widget-text-editor\" data-id=\"6278b30\" data-element_type=\"widget\" data-e-type=\"widget\" data-widget_type=\"text-editor.default\">\n\t\t\t\t<div class=\"elementor-widget-container\">\n\t\t\t\t\t\t\t\t\t<p>Du klassas som icke-resident om du vistas mindre \u00e4n 183 dagar i Spanien och vanligtvis betalar skatt i ett annat land. Icke-residenta med egendom eller inkomst i Spanien m\u00e5ste deklarera olika skatter, s\u00e5som fastighetsskatter eller hyresint\u00e4kter, med hj\u00e4lp av en skatteblankett som heter Modelo 210.<\/p>\t\t\t\t\t\t\t\t<\/div>\n\t\t\t\t<\/div>\n\t\t\t\t\t<\/div>\n\t\t<\/div>\n\t\t\t\t\t<\/div>\n\t\t<\/section>\n\t\t<div class=\"elementor-element elementor-element-b1802fe e-grid e-con-boxed e-con e-parent\" data-id=\"b1802fe\" data-element_type=\"container\" data-e-type=\"container\" data-settings=\"{&quot;background_background&quot;:&quot;classic&quot;}\">\n\t\t\t\t\t<div class=\"e-con-inner\">\n\t\t<div class=\"elementor-element elementor-element-9f30d12 e-con-full e-flex e-con e-child\" data-id=\"9f30d12\" data-element_type=\"container\" data-e-type=\"container\" data-settings=\"{&quot;background_background&quot;:&quot;classic&quot;}\">\n\t\t\t\t<div class=\"elementor-element elementor-element-35b7684 elementor-widget elementor-widget-heading\" data-id=\"35b7684\" data-element_type=\"widget\" data-e-type=\"widget\" data-widget_type=\"heading.default\">\n\t\t\t\t<div class=\"elementor-widget-container\">\n\t\t\t\t\t<div class=\"elementor-heading-title elementor-size-default\">Modelo 210<\/div>\t\t\t\t<\/div>\n\t\t\t\t<\/div>\n\t\t\t\t<div class=\"elementor-element elementor-element-6d11548 elementor-widget elementor-widget-heading\" data-id=\"6d11548\" data-element_type=\"widget\" data-e-type=\"widget\" data-widget_type=\"heading.default\">\n\t\t\t\t<div class=\"elementor-widget-container\">\n\t\t\t\t\t<div class=\"elementor-heading-title elementor-size-default\">Skatt som icke-resident\n<\/div>\t\t\t\t<\/div>\n\t\t\t\t<\/div>\n\t\t<div class=\"elementor-element elementor-element-a837ccb e-con-full e-flex e-con e-child\" data-id=\"a837ccb\" data-element_type=\"container\" data-e-type=\"container\">\n\t\t\t\t<div class=\"elementor-element elementor-element-9c0fecb elementor-widget elementor-widget-heading\" data-id=\"9c0fecb\" data-element_type=\"widget\" data-e-type=\"widget\" data-widget_type=\"heading.default\">\n\t\t\t\t<div class=\"elementor-widget-container\">\n\t\t\t\t\t<div class=\"elementor-heading-title elementor-size-default\">fr\u00e5n<\/div>\t\t\t\t<\/div>\n\t\t\t\t<\/div>\n\t\t\t\t<div class=\"elementor-element elementor-element-de68510 elementor-widget elementor-widget-heading\" data-id=\"de68510\" data-element_type=\"widget\" data-e-type=\"widget\" data-widget_type=\"heading.default\">\n\t\t\t\t<div class=\"elementor-widget-container\">\n\t\t\t\t\t<div class=\"elementor-heading-title elementor-size-default\">34,95\u20ac<\/div>\t\t\t\t<\/div>\n\t\t\t\t<\/div>\n\t\t\t\t<\/div>\n\t\t\t\t<div class=\"elementor-element elementor-element-5a45eed elementor-widget elementor-widget-text-editor\" data-id=\"5a45eed\" data-element_type=\"widget\" data-e-type=\"widget\" data-widget_type=\"text-editor.default\">\n\t\t\t\t<div class=\"elementor-widget-container\">\n\t\t\t\t\t\t\t\t\tSkattedeklaration f\u00f6r utl\u00e4ndska medborgare som \u00e4ger fastigheter i Spanien. Vi hanterar allt p\u00e5 distans.\t\t\t\t\t\t\t\t<\/div>\n\t\t\t\t<\/div>\n\t\t\t\t<div class=\"elementor-element elementor-element-48e0891 elementor-widget-divider--view-line elementor-widget elementor-widget-divider\" data-id=\"48e0891\" data-element_type=\"widget\" data-e-type=\"widget\" data-widget_type=\"divider.default\">\n\t\t\t\t<div class=\"elementor-widget-container\">\n\t\t\t\t\t\t\t<div class=\"elementor-divider\">\n\t\t\t<span class=\"elementor-divider-separator\">\n\t\t\t\t\t\t<\/span>\n\t\t<\/div>\n\t\t\t\t\t\t<\/div>\n\t\t\t\t<\/div>\n\t\t\t\t<div class=\"elementor-element elementor-element-b400c29 elementor-button-danger elementor-align-justify elementor-widget elementor-widget-button\" data-id=\"b400c29\" data-element_type=\"widget\" data-e-type=\"widget\" data-widget_type=\"button.default\">\n\t\t\t\t<div class=\"elementor-widget-container\">\n\t\t\t\t\t\t\t\t\t<div class=\"elementor-button-wrapper\">\n\t\t\t\t\t<a class=\"elementor-button elementor-button-link elementor-size-xl elementor-animation-shrink\" href=\"https:\/\/taxadora.com\/sv\/deklarera-som-icke-resident-modelo-210-spanien\/\">\n\t\t\t\t\t\t<span class=\"elementor-button-content-wrapper\">\n\t\t\t\t\t\t\t\t\t<span class=\"elementor-button-text\">Starta din deklaration<\/span>\n\t\t\t\t\t<\/span>\n\t\t\t\t\t<\/a>\n\t\t\t\t<\/div>\n\t\t\t\t\t\t\t\t<\/div>\n\t\t\t\t<\/div>\n\t\t\t\t<\/div>\n\t\t<div class=\"elementor-element elementor-element-4ed83a9 e-con-full e-flex e-con e-child\" data-id=\"4ed83a9\" data-element_type=\"container\" data-e-type=\"container\" data-settings=\"{&quot;background_background&quot;:&quot;classic&quot;}\">\n\t\t\t\t<div class=\"elementor-element elementor-element-75323b7 elementor-widget elementor-widget-heading\" data-id=\"75323b7\" data-element_type=\"widget\" data-e-type=\"widget\" data-widget_type=\"heading.default\">\n\t\t\t\t<div class=\"elementor-widget-container\">\n\t\t\t\t\t<div class=\"elementor-heading-title elementor-size-default\">Modelo 210<\/div>\t\t\t\t<\/div>\n\t\t\t\t<\/div>\n\t\t\t\t<div class=\"elementor-element elementor-element-613b533 elementor-widget elementor-widget-heading\" data-id=\"613b533\" data-element_type=\"widget\" data-e-type=\"widget\" data-widget_type=\"heading.default\">\n\t\t\t\t<div class=\"elementor-widget-container\">\n\t\t\t\t\t<div class=\"elementor-heading-title elementor-size-default\">Skatt p\u00e5 hyresinkomster<\/div>\t\t\t\t<\/div>\n\t\t\t\t<\/div>\n\t\t<div class=\"elementor-element elementor-element-d9a5c9e e-con-full e-flex e-con e-child\" data-id=\"d9a5c9e\" data-element_type=\"container\" data-e-type=\"container\">\n\t\t<div class=\"elementor-element elementor-element-7e7ce73 e-con-full e-flex e-con e-child\" data-id=\"7e7ce73\" data-element_type=\"container\" data-e-type=\"container\">\n\t\t\t\t<div class=\"elementor-element elementor-element-69cd743 elementor-widget elementor-widget-heading\" data-id=\"69cd743\" data-element_type=\"widget\" data-e-type=\"widget\" data-widget_type=\"heading.default\">\n\t\t\t\t<div class=\"elementor-widget-container\">\n\t\t\t\t\t<div class=\"elementor-heading-title elementor-size-default\">fr\u00e5n<\/div>\t\t\t\t<\/div>\n\t\t\t\t<\/div>\n\t\t\t\t<div class=\"elementor-element elementor-element-63162fa elementor-widget elementor-widget-heading\" data-id=\"63162fa\" data-element_type=\"widget\" data-e-type=\"widget\" data-widget_type=\"heading.default\">\n\t\t\t\t<div class=\"elementor-widget-container\">\n\t\t\t\t\t<div class=\"elementor-heading-title elementor-size-default\">49\u20ac<\/div>\t\t\t\t<\/div>\n\t\t\t\t<\/div>\n\t\t\t\t<\/div>\n\t\t\t\t<\/div>\n\t\t\t\t<div class=\"elementor-element elementor-element-dd06d84 elementor-widget elementor-widget-text-editor\" data-id=\"dd06d84\" data-element_type=\"widget\" data-e-type=\"widget\" data-widget_type=\"text-editor.default\">\n\t\t\t\t<div class=\"elementor-widget-container\">\n\t\t\t\t\t\t\t\t\t Icke-residenta som hyr ut fastigheter i Spanien m\u00e5ste deklarera sina hyresint\u00e4kter \u00e5rsvis.\t\t\t\t\t\t\t\t<\/div>\n\t\t\t\t<\/div>\n\t\t\t\t<div class=\"elementor-element elementor-element-2774e99 elementor-widget-divider--view-line elementor-widget elementor-widget-divider\" data-id=\"2774e99\" data-element_type=\"widget\" data-e-type=\"widget\" data-widget_type=\"divider.default\">\n\t\t\t\t<div class=\"elementor-widget-container\">\n\t\t\t\t\t\t\t<div class=\"elementor-divider\">\n\t\t\t<span class=\"elementor-divider-separator\">\n\t\t\t\t\t\t<\/span>\n\t\t<\/div>\n\t\t\t\t\t\t<\/div>\n\t\t\t\t<\/div>\n\t\t\t\t<div class=\"elementor-element elementor-element-3cab665 elementor-button-danger elementor-align-justify elementor-widget elementor-widget-button\" data-id=\"3cab665\" data-element_type=\"widget\" data-e-type=\"widget\" data-widget_type=\"button.default\">\n\t\t\t\t<div class=\"elementor-widget-container\">\n\t\t\t\t\t\t\t\t\t<div class=\"elementor-button-wrapper\">\n\t\t\t\t\t<a class=\"elementor-button elementor-button-link elementor-size-xl elementor-animation-shrink\" href=\"https:\/\/taxadora.com\/sv\/deklarera-uthyrning-i-spanien\/\">\n\t\t\t\t\t\t<span class=\"elementor-button-content-wrapper\">\n\t\t\t\t\t\t\t\t\t<span class=\"elementor-button-text\">Starta din deklaration<\/span>\n\t\t\t\t\t<\/span>\n\t\t\t\t\t<\/a>\n\t\t\t\t<\/div>\n\t\t\t\t\t\t\t\t<\/div>\n\t\t\t\t<\/div>\n\t\t\t\t<\/div>\n\t\t<div class=\"elementor-element elementor-element-0558301 e-con-full e-flex e-con e-child\" data-id=\"0558301\" data-element_type=\"container\" data-e-type=\"container\" data-settings=\"{&quot;background_background&quot;:&quot;classic&quot;}\">\n\t\t\t\t<div class=\"elementor-element elementor-element-c6e38bb elementor-widget elementor-widget-heading\" data-id=\"c6e38bb\" data-element_type=\"widget\" data-e-type=\"widget\" data-widget_type=\"heading.default\">\n\t\t\t\t<div class=\"elementor-widget-container\">\n\t\t\t\t\t<div class=\"elementor-heading-title elementor-size-default\">Modelo 210<\/div>\t\t\t\t<\/div>\n\t\t\t\t<\/div>\n\t\t\t\t<div class=\"elementor-element elementor-element-af55368 elementor-widget elementor-widget-heading\" data-id=\"af55368\" data-element_type=\"widget\" data-e-type=\"widget\" data-widget_type=\"heading.default\">\n\t\t\t\t<div class=\"elementor-widget-container\">\n\t\t\t\t\t<div class=\"elementor-heading-title elementor-size-default\">Skatt fr\u00e5n fastighetsf\u00f6rs\u00e4ljning<\/div>\t\t\t\t<\/div>\n\t\t\t\t<\/div>\n\t\t<div class=\"elementor-element elementor-element-b1132ea e-con-full e-flex e-con e-child\" data-id=\"b1132ea\" data-element_type=\"container\" data-e-type=\"container\">\n\t\t\t\t<div class=\"elementor-element elementor-element-aefc71b elementor-widget elementor-widget-heading\" data-id=\"aefc71b\" data-element_type=\"widget\" data-e-type=\"widget\" data-widget_type=\"heading.default\">\n\t\t\t\t<div class=\"elementor-widget-container\">\n\t\t\t\t\t<div class=\"elementor-heading-title elementor-size-default\">fr\u00e5n<\/div>\t\t\t\t<\/div>\n\t\t\t\t<\/div>\n\t\t\t\t<div class=\"elementor-element elementor-element-9b38410 elementor-widget elementor-widget-heading\" data-id=\"9b38410\" data-element_type=\"widget\" data-e-type=\"widget\" data-widget_type=\"heading.default\">\n\t\t\t\t<div class=\"elementor-widget-container\">\n\t\t\t\t\t<div class=\"elementor-heading-title elementor-size-default\">198\u20ac<\/div>\t\t\t\t<\/div>\n\t\t\t\t<\/div>\n\t\t\t\t<\/div>\n\t\t\t\t<div class=\"elementor-element elementor-element-5be4cbe elementor-widget elementor-widget-text-editor\" data-id=\"5be4cbe\" data-element_type=\"widget\" data-e-type=\"widget\" data-widget_type=\"text-editor.default\">\n\t\t\t\t<div class=\"elementor-widget-container\">\n\t\t\t\t\t\t\t\t\tUtl\u00e4nningar som s\u00e4ljer egendom m\u00e5ste deklarera f\u00f6rs\u00e4ljningen och reavinst inom 4 m\u00e5nader i Spanien. Du kan f\u00e5 tillbaka 3 % i prelimin\u00e4rskatt.\t\t\t\t\t\t\t\t<\/div>\n\t\t\t\t<\/div>\n\t\t\t\t<div class=\"elementor-element elementor-element-af0b3ee elementor-widget-divider--view-line elementor-widget elementor-widget-divider\" data-id=\"af0b3ee\" data-element_type=\"widget\" data-e-type=\"widget\" data-widget_type=\"divider.default\">\n\t\t\t\t<div class=\"elementor-widget-container\">\n\t\t\t\t\t\t\t<div class=\"elementor-divider\">\n\t\t\t<span class=\"elementor-divider-separator\">\n\t\t\t\t\t\t<\/span>\n\t\t<\/div>\n\t\t\t\t\t\t<\/div>\n\t\t\t\t<\/div>\n\t\t\t\t<div class=\"elementor-element elementor-element-1bf52a3 elementor-button-danger elementor-align-justify elementor-widget elementor-widget-button\" data-id=\"1bf52a3\" data-element_type=\"widget\" data-e-type=\"widget\" data-widget_type=\"button.default\">\n\t\t\t\t<div class=\"elementor-widget-container\">\n\t\t\t\t\t\t\t\t\t<div class=\"elementor-button-wrapper\">\n\t\t\t\t\t<a class=\"elementor-button elementor-button-link elementor-size-xl elementor-animation-shrink\" href=\"https:\/\/taxadora.com\/sv\/reavinstskatt\/\">\n\t\t\t\t\t\t<span class=\"elementor-button-content-wrapper\">\n\t\t\t\t\t\t\t\t\t<span class=\"elementor-button-text\">Starta din deklaration<\/span>\n\t\t\t\t\t<\/span>\n\t\t\t\t\t<\/a>\n\t\t\t\t<\/div>\n\t\t\t\t\t\t\t\t<\/div>\n\t\t\t\t<\/div>\n\t\t\t\t<\/div>\n\t\t\t\t\t<\/div>\n\t\t\t\t<\/div>\n\t\t\t\t<section class=\"elementor-section elementor-top-section elementor-element elementor-element-794373b elementor-section-boxed elementor-section-height-default elementor-section-height-default\" data-id=\"794373b\" data-element_type=\"section\" data-e-type=\"section\" id=\"residents\" data-settings=\"{&quot;background_background&quot;:&quot;classic&quot;}\">\n\t\t\t\t\t\t<div class=\"elementor-container elementor-column-gap-default\">\n\t\t\t\t\t<div class=\"elementor-column elementor-col-100 elementor-top-column elementor-element elementor-element-f2f0584\" data-id=\"f2f0584\" data-element_type=\"column\" data-e-type=\"column\">\n\t\t\t<div class=\"elementor-widget-wrap elementor-element-populated\">\n\t\t\t\t\t\t<div class=\"elementor-element elementor-element-01176f1 text-balance elementor-widget elementor-widget-heading\" data-id=\"01176f1\" data-element_type=\"widget\" data-e-type=\"widget\" data-widget_type=\"heading.default\">\n\t\t\t\t<div class=\"elementor-widget-container\">\n\t\t\t\t\t<h2 class=\"elementor-heading-title elementor-size-xxl\">Deklaration f\u00f6r dig som bor permanent i Spanien p\u00e5 ett enkelt s\u00e4tt.<\/h2>\t\t\t\t<\/div>\n\t\t\t\t<\/div>\n\t\t\t\t<div class=\"elementor-element elementor-element-d582ee4 elementor-widget elementor-widget-heading\" data-id=\"d582ee4\" data-element_type=\"widget\" data-e-type=\"widget\" data-widget_type=\"heading.default\">\n\t\t\t\t<div class=\"elementor-widget-container\">\n\t\t\t\t\t<h2 class=\"elementor-heading-title elementor-size-xxl\">Skatter f\u00f6r Residenta<\/h2>\t\t\t\t<\/div>\n\t\t\t\t<\/div>\n\t\t\t\t<div class=\"elementor-element elementor-element-1b2d3e1 elementor-widget elementor-widget-text-editor\" data-id=\"1b2d3e1\" data-element_type=\"widget\" data-e-type=\"widget\" data-widget_type=\"text-editor.default\">\n\t\t\t\t<div class=\"elementor-widget-container\">\n\t\t\t\t\t\t\t\t\t<p>Du anses vara skattem\u00e4ssigt bosatt i Spanien om du tillbringar mer \u00e4n 183 dagar per \u00e5r i landet. Att vara bosatt inneb\u00e4r att du m\u00e5ste deklarera din globala inkomst, oavsett var den tj\u00e4nas, och deklarera skatter \u00e5rligen i Spanien.<\/p>\t\t\t\t\t\t\t\t<\/div>\n\t\t\t\t<\/div>\n\t\t\t\t\t<\/div>\n\t\t<\/div>\n\t\t\t\t\t<\/div>\n\t\t<\/section>\n\t\t<div class=\"elementor-element elementor-element-f26edf6 e-grid e-con-boxed e-con e-parent\" data-id=\"f26edf6\" data-element_type=\"container\" data-e-type=\"container\" data-settings=\"{&quot;background_background&quot;:&quot;classic&quot;}\">\n\t\t\t\t\t<div class=\"e-con-inner\">\n\t\t<div class=\"elementor-element elementor-element-c0279b4 e-con-full e-flex e-con e-child\" data-id=\"c0279b4\" data-element_type=\"container\" data-e-type=\"container\" data-settings=\"{&quot;background_background&quot;:&quot;classic&quot;}\">\n\t\t\t\t<div class=\"elementor-element elementor-element-093ca89 elementor-widget elementor-widget-heading\" data-id=\"093ca89\" data-element_type=\"widget\" data-e-type=\"widget\" data-widget_type=\"heading.default\">\n\t\t\t\t<div class=\"elementor-widget-container\">\n\t\t\t\t\t<div class=\"elementor-heading-title elementor-size-default\">Modelo 100<\/div>\t\t\t\t<\/div>\n\t\t\t\t<\/div>\n\t\t\t\t<div class=\"elementor-element elementor-element-96b6874 elementor-widget elementor-widget-heading\" data-id=\"96b6874\" data-element_type=\"widget\" data-e-type=\"widget\" data-widget_type=\"heading.default\">\n\t\t\t\t<div class=\"elementor-widget-container\">\n\t\t\t\t\t<div class=\"elementor-heading-title elementor-size-default\">Inkomstskatt f\u00f6r inv\u00e5nare i Spanien (IRPF)<\/div>\t\t\t\t<\/div>\n\t\t\t\t<\/div>\n\t\t<div class=\"elementor-element elementor-element-76854e4 e-con-full e-flex e-con e-child\" data-id=\"76854e4\" data-element_type=\"container\" data-e-type=\"container\">\n\t\t\t\t<div class=\"elementor-element elementor-element-0e2d2be elementor-widget elementor-widget-heading\" data-id=\"0e2d2be\" data-element_type=\"widget\" data-e-type=\"widget\" data-widget_type=\"heading.default\">\n\t\t\t\t<div class=\"elementor-widget-container\">\n\t\t\t\t\t<div class=\"elementor-heading-title elementor-size-default\">fr\u00e5n<\/div>\t\t\t\t<\/div>\n\t\t\t\t<\/div>\n\t\t\t\t<div class=\"elementor-element elementor-element-9d19f0f elementor-widget elementor-widget-heading\" data-id=\"9d19f0f\" data-element_type=\"widget\" data-e-type=\"widget\" data-widget_type=\"heading.default\">\n\t\t\t\t<div class=\"elementor-widget-container\">\n\t\t\t\t\t<div class=\"elementor-heading-title elementor-size-default\">123\u20ac<\/div>\t\t\t\t<\/div>\n\t\t\t\t<\/div>\n\t\t\t\t<\/div>\n\t\t\t\t<div class=\"elementor-element elementor-element-4c39114 elementor-widget elementor-widget-text-editor\" data-id=\"4c39114\" data-element_type=\"widget\" data-e-type=\"widget\" data-widget_type=\"text-editor.default\">\n\t\t\t\t<div class=\"elementor-widget-container\">\n\t\t\t\t\t\t\t\t\tDu som bor permanent i Spanien beh\u00f6ver \u00e5rligen deklarera inkomstskatt.\t\t\t\t\t\t\t\t<\/div>\n\t\t\t\t<\/div>\n\t\t\t\t<div class=\"elementor-element elementor-element-61b4f56 elementor-widget-divider--view-line elementor-widget elementor-widget-divider\" data-id=\"61b4f56\" data-element_type=\"widget\" data-e-type=\"widget\" data-widget_type=\"divider.default\">\n\t\t\t\t<div class=\"elementor-widget-container\">\n\t\t\t\t\t\t\t<div class=\"elementor-divider\">\n\t\t\t<span class=\"elementor-divider-separator\">\n\t\t\t\t\t\t<\/span>\n\t\t<\/div>\n\t\t\t\t\t\t<\/div>\n\t\t\t\t<\/div>\n\t\t\t\t<div class=\"elementor-element elementor-element-6bc7486 elementor-button-danger elementor-align-justify elementor-widget elementor-widget-button\" data-id=\"6bc7486\" data-element_type=\"widget\" data-e-type=\"widget\" data-widget_type=\"button.default\">\n\t\t\t\t<div class=\"elementor-widget-container\">\n\t\t\t\t\t\t\t\t\t<div class=\"elementor-button-wrapper\">\n\t\t\t\t\t<a class=\"elementor-button elementor-button-link elementor-size-xl elementor-animation-shrink\" href=\"https:\/\/taxadora.com\/sv\/skatt-for-residenta-i-spanien\/\">\n\t\t\t\t\t\t<span class=\"elementor-button-content-wrapper\">\n\t\t\t\t\t\t\t\t\t<span class=\"elementor-button-text\">Starta din deklaration<\/span>\n\t\t\t\t\t<\/span>\n\t\t\t\t\t<\/a>\n\t\t\t\t<\/div>\n\t\t\t\t\t\t\t\t<\/div>\n\t\t\t\t<\/div>\n\t\t\t\t<\/div>\n\t\t<div class=\"elementor-element elementor-element-5ea1a61 e-con-full e-flex e-con e-child\" data-id=\"5ea1a61\" data-element_type=\"container\" data-e-type=\"container\" data-settings=\"{&quot;background_background&quot;:&quot;classic&quot;}\">\n\t\t\t\t<div class=\"elementor-element elementor-element-aff0057 elementor-widget elementor-widget-heading\" data-id=\"aff0057\" data-element_type=\"widget\" data-e-type=\"widget\" data-widget_type=\"heading.default\">\n\t\t\t\t<div class=\"elementor-widget-container\">\n\t\t\t\t\t<div class=\"elementor-heading-title elementor-size-default\">Modelo 720<\/div>\t\t\t\t<\/div>\n\t\t\t\t<\/div>\n\t\t\t\t<div class=\"elementor-element elementor-element-4d7660f elementor-widget elementor-widget-heading\" data-id=\"4d7660f\" data-element_type=\"widget\" data-e-type=\"widget\" data-widget_type=\"heading.default\">\n\t\t\t\t<div class=\"elementor-widget-container\">\n\t\t\t\t\t<div class=\"elementor-heading-title elementor-size-default\">Deklaration om utl\u00e4ndska tillg\u00e5ngar<\/div>\t\t\t\t<\/div>\n\t\t\t\t<\/div>\n\t\t<div class=\"elementor-element elementor-element-aa3dce6 e-con-full e-flex e-con e-child\" data-id=\"aa3dce6\" data-element_type=\"container\" data-e-type=\"container\">\n\t\t\t\t<div class=\"elementor-element elementor-element-fb20a97 elementor-widget elementor-widget-heading\" data-id=\"fb20a97\" data-element_type=\"widget\" data-e-type=\"widget\" data-widget_type=\"heading.default\">\n\t\t\t\t<div class=\"elementor-widget-container\">\n\t\t\t\t\t<div class=\"elementor-heading-title elementor-size-default\">fr\u00e5n<\/div>\t\t\t\t<\/div>\n\t\t\t\t<\/div>\n\t\t\t\t<div class=\"elementor-element elementor-element-bcde79d elementor-widget elementor-widget-heading\" data-id=\"bcde79d\" data-element_type=\"widget\" data-e-type=\"widget\" data-widget_type=\"heading.default\">\n\t\t\t\t<div class=\"elementor-widget-container\">\n\t\t\t\t\t<div class=\"elementor-heading-title elementor-size-default\">148\u20ac<\/div>\t\t\t\t<\/div>\n\t\t\t\t<\/div>\n\t\t\t\t<\/div>\n\t\t\t\t<div class=\"elementor-element elementor-element-efa350b elementor-widget elementor-widget-text-editor\" data-id=\"efa350b\" data-element_type=\"widget\" data-e-type=\"widget\" data-widget_type=\"text-editor.default\">\n\t\t\t\t<div class=\"elementor-widget-container\">\n\t\t\t\t\t\t\t\t\tInv\u00e5nare i Spanien med utl\u00e4ndska tillg\u00e5ngar m\u00e5ste deklarera dem f\u00f6r att undvika b\u00f6ter, \u00e4ven utan att beh\u00f6va betala skatt.\t\t\t\t\t\t\t\t<\/div>\n\t\t\t\t<\/div>\n\t\t\t\t<div class=\"elementor-element elementor-element-90df537 elementor-widget-divider--view-line elementor-widget elementor-widget-divider\" data-id=\"90df537\" data-element_type=\"widget\" data-e-type=\"widget\" data-widget_type=\"divider.default\">\n\t\t\t\t<div class=\"elementor-widget-container\">\n\t\t\t\t\t\t\t<div class=\"elementor-divider\">\n\t\t\t<span class=\"elementor-divider-separator\">\n\t\t\t\t\t\t<\/span>\n\t\t<\/div>\n\t\t\t\t\t\t<\/div>\n\t\t\t\t<\/div>\n\t\t\t\t<div class=\"elementor-element elementor-element-3d876b9 elementor-button-danger elementor-align-justify elementor-widget elementor-widget-button\" data-id=\"3d876b9\" data-element_type=\"widget\" data-e-type=\"widget\" data-widget_type=\"button.default\">\n\t\t\t\t<div class=\"elementor-widget-container\">\n\t\t\t\t\t\t\t\t\t<div class=\"elementor-button-wrapper\">\n\t\t\t\t\t<a class=\"elementor-button elementor-button-link elementor-size-xl elementor-animation-shrink\" href=\"https:\/\/taxadora.com\/sv\/modelo-720-deklarera-tillgangar-i-utlandet\/\">\n\t\t\t\t\t\t<span class=\"elementor-button-content-wrapper\">\n\t\t\t\t\t\t\t\t\t<span class=\"elementor-button-text\">Starta din deklaration<\/span>\n\t\t\t\t\t<\/span>\n\t\t\t\t\t<\/a>\n\t\t\t\t<\/div>\n\t\t\t\t\t\t\t\t<\/div>\n\t\t\t\t<\/div>\n\t\t\t\t<\/div>\n\t\t<div class=\"elementor-element elementor-element-2f28c6e e-con-full e-flex e-con e-child\" data-id=\"2f28c6e\" data-element_type=\"container\" data-e-type=\"container\" data-settings=\"{&quot;background_background&quot;:&quot;classic&quot;}\">\n\t\t\t\t<div class=\"elementor-element elementor-element-1f48bb1 elementor-widget elementor-widget-heading\" data-id=\"1f48bb1\" data-element_type=\"widget\" data-e-type=\"widget\" data-widget_type=\"heading.default\">\n\t\t\t\t<div class=\"elementor-widget-container\">\n\t\t\t\t\t<div class=\"elementor-heading-title elementor-size-default\">Other procedures<\/div>\t\t\t\t<\/div>\n\t\t\t\t<\/div>\n\t\t\t\t<div class=\"elementor-element elementor-element-80c199e elementor-widget elementor-widget-heading\" data-id=\"80c199e\" data-element_type=\"widget\" data-e-type=\"widget\" data-widget_type=\"heading.default\">\n\t\t\t\t<div class=\"elementor-widget-container\">\n\t\t\t\t\t<div class=\"elementor-heading-title elementor-size-default\">Arv-, g\u00e5vo-, f\u00f6rm\u00f6genhetsskatt, \"Beckham Law\" deklaration och andra spanska skatter.<\/div>\t\t\t\t<\/div>\n\t\t\t\t<\/div>\n\t\t\t\t<div class=\"elementor-element elementor-element-7708f52 elementor-widget elementor-widget-text-editor\" data-id=\"7708f52\" data-element_type=\"widget\" data-e-type=\"widget\" data-widget_type=\"text-editor.default\">\n\t\t\t\t<div class=\"elementor-widget-container\">\n\t\t\t\t\t\t\t\t\t<p>Kontakta oss f\u00f6r hj\u00e4lp med ett brett utbud av skattef\u00f6rfaranden, skr\u00e4ddarsydda efter dina behov<\/p>\t\t\t\t\t\t\t\t<\/div>\n\t\t\t\t<\/div>\n\t\t\t\t<div class=\"elementor-element elementor-element-dab9f83 elementor-widget-divider--view-line elementor-widget elementor-widget-divider\" data-id=\"dab9f83\" data-element_type=\"widget\" data-e-type=\"widget\" data-widget_type=\"divider.default\">\n\t\t\t\t<div class=\"elementor-widget-container\">\n\t\t\t\t\t\t\t<div class=\"elementor-divider\">\n\t\t\t<span class=\"elementor-divider-separator\">\n\t\t\t\t\t\t<\/span>\n\t\t<\/div>\n\t\t\t\t\t\t<\/div>\n\t\t\t\t<\/div>\n\t\t\t\t<div class=\"elementor-element elementor-element-a289348 elementor-button-danger elementor-align-justify elementor-widget elementor-widget-button\" data-id=\"a289348\" data-element_type=\"widget\" data-e-type=\"widget\" data-widget_type=\"button.default\">\n\t\t\t\t<div class=\"elementor-widget-container\">\n\t\t\t\t\t\t\t\t\t<div class=\"elementor-button-wrapper\">\n\t\t\t\t\t<a class=\"elementor-button elementor-button-link elementor-size-xl elementor-animation-shrink\" href=\"mailto:info@taxadora.com\">\n\t\t\t\t\t\t<span class=\"elementor-button-content-wrapper\">\n\t\t\t\t\t\t\t\t\t<span class=\"elementor-button-text\">Kontakta oss<\/span>\n\t\t\t\t\t<\/span>\n\t\t\t\t\t<\/a>\n\t\t\t\t<\/div>\n\t\t\t\t\t\t\t\t<\/div>\n\t\t\t\t<\/div>\n\t\t\t\t<\/div>\n\t\t\t\t\t<\/div>\n\t\t\t\t<\/div>\n\t\t\t\t<\/div>\n\t\t<\/div>\n\t\t\t\t\t\t<\/div>\n\t\t\t\t<\/div>\n\t\t\t\t<\/div>\n\t\t\t\t<\/div>\n\t\t","protected":false},"excerpt":{"rendered":"<p>Hyresinkomstskatt i Spanien 2026 f\u00f6r icke-residenter \u2013 komplett guide Uppdaterad: 2026 Introduktion Om du \u00e4r icke-resident fastighets\u00e4gare i Spanien och hyr ut din bostad \u00e4r du skyldig att deklarera och betala skatt p\u00e5 hyresinkomster i Spanien. Reglerna \u00e4r strikta och felaktig deklaration kan leda till b\u00f6ter och r\u00e4nta. Den h\u00e4r guiden f\u00f6rklarar hur hyresinkomstskatt i [&hellip;]<\/p>\n","protected":false},"author":1,"featured_media":0,"comment_status":"open","ping_status":"open","sticky":false,"template":"","format":"standard","meta":{"footnotes":""},"categories":[157],"tags":[],"class_list":["post-19387","post","type-post","status-publish","format-standard","hentry","category-non-classifiee"],"_links":{"self":[{"href":"https:\/\/taxadora.com\/sv\/wp-json\/wp\/v2\/posts\/19387","targetHints":{"allow":["GET"]}}],"collection":[{"href":"https:\/\/taxadora.com\/sv\/wp-json\/wp\/v2\/posts"}],"about":[{"href":"https:\/\/taxadora.com\/sv\/wp-json\/wp\/v2\/types\/post"}],"author":[{"embeddable":true,"href":"https:\/\/taxadora.com\/sv\/wp-json\/wp\/v2\/users\/1"}],"replies":[{"embeddable":true,"href":"https:\/\/taxadora.com\/sv\/wp-json\/wp\/v2\/comments?post=19387"}],"version-history":[{"count":7,"href":"https:\/\/taxadora.com\/sv\/wp-json\/wp\/v2\/posts\/19387\/revisions"}],"predecessor-version":[{"id":19470,"href":"https:\/\/taxadora.com\/sv\/wp-json\/wp\/v2\/posts\/19387\/revisions\/19470"}],"wp:attachment":[{"href":"https:\/\/taxadora.com\/sv\/wp-json\/wp\/v2\/media?parent=19387"}],"wp:term":[{"taxonomy":"category","embeddable":true,"href":"https:\/\/taxadora.com\/sv\/wp-json\/wp\/v2\/categories?post=19387"},{"taxonomy":"post_tag","embeddable":true,"href":"https:\/\/taxadora.com\/sv\/wp-json\/wp\/v2\/tags?post=19387"}],"curies":[{"name":"wp","href":"https:\/\/api.w.org\/{rel}","templated":true}]}}