{"id":19323,"date":"2025-06-09T11:33:52","date_gmt":"2025-06-09T09:33:52","guid":{"rendered":"https:\/\/taxadora.com\/?p=19323"},"modified":"2026-03-18T17:40:06","modified_gmt":"2026-03-18T16:40:06","slug":"skatteavdrag-for-uthyrning-i-spanien-centralregeringen-tar-kontrollen","status":"publish","type":"post","link":"https:\/\/taxadora.com\/sv\/blog\/skatteavdrag-for-uthyrning-i-spanien-centralregeringen-tar-kontrollen\/","title":{"rendered":"Skatteavdrag f\u00f6r uthyrning i Spanien: Centralregeringen tar kontrollen 2026"},"content":{"rendered":"\t\t<div data-elementor-type=\"wp-post\" data-elementor-id=\"19323\" class=\"elementor elementor-19323 elementor-16269\" data-elementor-post-type=\"post\">\n\t\t\t\t\t\t<section class=\"elementor-section elementor-top-section elementor-element elementor-element-b724f1f elementor-section-boxed elementor-section-height-default elementor-section-height-default\" data-id=\"b724f1f\" data-element_type=\"section\" data-e-type=\"section\">\n\t\t\t\t\t\t<div class=\"elementor-container elementor-column-gap-default\">\n\t\t\t\t\t<div class=\"elementor-column elementor-col-100 elementor-top-column elementor-element elementor-element-44bea5c\" data-id=\"44bea5c\" data-element_type=\"column\" data-e-type=\"column\">\n\t\t\t<div class=\"elementor-widget-wrap elementor-element-populated\">\n\t\t\t\t\t\t<div class=\"elementor-element elementor-element-36860d8 elementor-widget elementor-widget-text-editor\" data-id=\"36860d8\" data-element_type=\"widget\" data-e-type=\"widget\" data-widget_type=\"text-editor.default\">\n\t\t\t\t<div class=\"elementor-widget-container\">\n\t\t\t\t\t\t\t\t\t<h1>Skatteavdrag f\u00f6r uthyrning i Spanien: Centralregeringen tar kontrollen 2026<\/h1><p>I en viktig lag\u00e4ndring som tillk\u00e4nnagavs i maj 2026 har den spanska regeringen beslutat att centralisera beslutsr\u00e4tten f\u00f6r s\u00e5 kallade <strong>\u201dtensionerade bostadsomr\u00e5den\u201d<\/strong> \u2013 de zoner d\u00e4r hyresv\u00e4rdar kan f\u00e5 ut\u00f6kade skatteavdrag f\u00f6r uthyrda bost\u00e4der. Fram till nu har detta ansvar legat hos Spaniens autonoma regioner. Regeringens beslut ses som ett s\u00e4tt att skapa enhetlighet i hela landet och p\u00e5skynda reformerna f\u00f6r bostadsprisernas tillg\u00e4nglighet.<\/p><p><strong>Vad \u00e4r \u201dtensionerade omr\u00e5den\u201d i Spanien?<\/strong><\/p><p>Ett <strong>tensionerat omr\u00e5de (zona tensionada)<\/strong> \u00e4r en geografisk zon \u2013 oftast i st\u00f6rre st\u00e4der eller turistt\u00e4ta regioner \u2013 d\u00e4r bostadskostnaderna anses vara orimligt h\u00f6ga i f\u00f6rh\u00e5llande till de lokala inkomsterna.<\/p><p>Hyresv\u00e4rdar som hyr ut i dessa omr\u00e5den kan f\u00e5 betydande <strong>inkomstskatteavdrag<\/strong> enligt Spaniens nya bostadslag.<\/p><p><strong>Vad \u00e4ndrades 2026?<\/strong><\/p><p>Tidigare l\u00e5g ansvaret f\u00f6r att definiera dessa omr\u00e5den hos de autonoma regionerna (t.ex. Katalonien, Madrid, Andalusien).<\/p><p>Fr\u00e5n och med 2026 g\u00e4ller:<\/p><ul><li><strong>Endast centralregeringen<\/strong> kan officiellt utse ett \u201dtensionerat omr\u00e5de\u201d<\/li><li>Regionerna f\u00f6rlorar m\u00f6jligheten att sj\u00e4lva best\u00e4mma<\/li><li>Ett <strong>enhetligt nationellt system<\/strong> inf\u00f6rs f\u00f6r skatteavdragen<\/li><\/ul><p>Syftet \u00e4r att p\u00e5skynda genomf\u00f6randet av bostadslagens (2023) skatteincitament.<\/p><p><strong>Varf\u00f6r \u00e4r detta viktigt f\u00f6r hyresv\u00e4rdar?<\/strong><\/p><p>Att en bostad ligger i ett tensionerat omr\u00e5de kan ge r\u00e4tt till h\u00f6gre skattef\u00f6rdelar, s\u00e5som:<\/p><ul><li>Upp till <strong>90 % reduktion p\u00e5 nettohyresinkomster<\/strong> (under vissa villkor)<\/li><li>Extra avdrag f\u00f6r nya kontrakt, stabila hyresg\u00e4ster eller hyress\u00e4nkningar<\/li><\/ul><p>F\u00f6r att kvalificera sig m\u00e5ste uthyrningen vara:<\/p><ul><li><strong>L\u00e5ngsiktig<\/strong> (ej turism)<\/li><li>Inom ett officiellt utsett omr\u00e5de<\/li><li>I linje med hyrestak och kontraktsvillkor<\/li><\/ul><p>N\u00e4r staten tar \u00f6ver beslutsmakten kan fler hyresv\u00e4rdar \u00f6ver hela Spanien f\u00e5 tillg\u00e5ng till dessa avdrag.<\/p><p><strong>Kritik fr\u00e5n regionerna<\/strong><\/p><p>Flera autonoma regeringar mots\u00e4tter sig reformen och menar att den inneb\u00e4r:<\/p><ul><li>En <strong>f\u00f6rlust av regionalt sj\u00e4lvbest\u00e4mmande<\/strong> i bostadsfr\u00e5gor<\/li><li><strong>Juridisk os\u00e4kerhet<\/strong> i tolkningen av 2023 \u00e5rs bostadslag<\/li><\/ul><p>Vissa kan komma att \u00f6verklaga beslutet i domstol, vilket kan f\u00f6rdr\u00f6ja inf\u00f6randet.<\/p><p><strong>Vad beh\u00f6ver utlandsboende hyresv\u00e4rdar veta?<\/strong><\/p><p>Om du \u00e4ger bostad och bor i Spanien:<\/p><ul><li>Du kan fortfarande utnyttja dessa avdrag om bostaden kvalificerar<\/li><li>Du deklarerar \u00e5rligen via <strong>Modelo 100<\/strong> och anger eventuella avdrag<\/li><li>Moms- och k\u00e4llskattereglerna p\u00e5verkas inte av detta avdrag<\/li><\/ul><p><strong>N\u00e4sta steg och tidslinje<\/strong><\/p><ul><li>Regeringen b\u00f6rjar publicera den officiella listan \u00f6ver tensionerade omr\u00e5den enligt det nya systemet<\/li><li>Hyresv\u00e4rdar beh\u00f6ver kontrollera om deras bostad ing\u00e5r<\/li><li>Avdragen kan p\u00e5verka deklarationerna f\u00f6r <strong>2025 och 2026<\/strong>, beroende p\u00e5 kontraktens startdatum<\/li><\/ul><p><strong>Hur Taxadora kan hj\u00e4lpa<\/strong><\/p><p>Hos Taxadora bevakar vi lag- och skattef\u00f6r\u00e4ndringar som p\u00e5verkar v\u00e5ra spanska och utl\u00e4ndska klienter. Vi:<\/p><ul><li>Kontrollerar om din bostad \u00e4r ber\u00e4ttigad till avdrag<\/li><li>Hanterar <strong>Modelo 210<\/strong> med maximala skattef\u00f6rdelar<\/li><li>R\u00e5dg\u00f6r kring utformning av hyresavtal f\u00f6r att uppfylla kraven<\/li><\/ul><p><strong>Slutsats<\/strong><\/p><p>Spaniens beslut att centralisera kontrollen \u00f6ver tensionerade omr\u00e5den syftar till att skapa tydligare skatteincitament f\u00f6r hyresv\u00e4rdar och f\u00f6rb\u00e4ttra bostadstillg\u00e5ngen i pressade marknader.<\/p><p>Om du hyr ut bostad i Spanien \u00e4r det nu viktigare \u00e4n n\u00e5gonsin att f\u00f6rst\u00e5 hur detta p\u00e5verkar din <strong>skattestrategi<\/strong>. Kontakta <strong>Taxadora<\/strong> f\u00f6r r\u00e5dgivning och st\u00f6d.<\/p><p><a href=\"https:\/\/taxadora.com\/sv\/deklarera-uthyrning-i-spanien\/\">https:\/\/taxadora.com\/sv\/deklarera-uthyrning-i-spanien\/<\/a><\/p>\t\t\t\t\t\t\t\t<\/div>\n\t\t\t\t<\/div>\n\t\t\t\t\t<\/div>\n\t\t<\/div>\n\t\t\t\t\t<\/div>\n\t\t<\/section>\n\t\t\t\t<\/div>\n\t\t","protected":false},"excerpt":{"rendered":"<p>Skatteavdrag f\u00f6r uthyrning i Spanien: Centralregeringen tar kontrollen 2026 I en viktig lag\u00e4ndring som tillk\u00e4nnagavs i maj 2026 har den spanska regeringen beslutat att centralisera beslutsr\u00e4tten f\u00f6r s\u00e5 kallade \u201dtensionerade bostadsomr\u00e5den\u201d \u2013 de zoner d\u00e4r hyresv\u00e4rdar kan f\u00e5 ut\u00f6kade skatteavdrag f\u00f6r uthyrda bost\u00e4der. Fram till nu har detta ansvar legat hos Spaniens autonoma regioner. Regeringens [&hellip;]<\/p>\n","protected":false},"author":1,"featured_media":0,"comment_status":"closed","ping_status":"closed","sticky":false,"template":"","format":"standard","meta":{"footnotes":""},"categories":[157],"tags":[],"class_list":["post-19323","post","type-post","status-publish","format-standard","hentry","category-non-classifiee"],"_links":{"self":[{"href":"https:\/\/taxadora.com\/sv\/wp-json\/wp\/v2\/posts\/19323","targetHints":{"allow":["GET"]}}],"collection":[{"href":"https:\/\/taxadora.com\/sv\/wp-json\/wp\/v2\/posts"}],"about":[{"href":"https:\/\/taxadora.com\/sv\/wp-json\/wp\/v2\/types\/post"}],"author":[{"embeddable":true,"href":"https:\/\/taxadora.com\/sv\/wp-json\/wp\/v2\/users\/1"}],"replies":[{"embeddable":true,"href":"https:\/\/taxadora.com\/sv\/wp-json\/wp\/v2\/comments?post=19323"}],"version-history":[{"count":15,"href":"https:\/\/taxadora.com\/sv\/wp-json\/wp\/v2\/posts\/19323\/revisions"}],"predecessor-version":[{"id":19947,"href":"https:\/\/taxadora.com\/sv\/wp-json\/wp\/v2\/posts\/19323\/revisions\/19947"}],"wp:attachment":[{"href":"https:\/\/taxadora.com\/sv\/wp-json\/wp\/v2\/media?parent=19323"}],"wp:term":[{"taxonomy":"category","embeddable":true,"href":"https:\/\/taxadora.com\/sv\/wp-json\/wp\/v2\/categories?post=19323"},{"taxonomy":"post_tag","embeddable":true,"href":"https:\/\/taxadora.com\/sv\/wp-json\/wp\/v2\/tags?post=19323"}],"curies":[{"name":"wp","href":"https:\/\/api.w.org\/{rel}","templated":true}]}}