{"id":19837,"date":"2025-03-24T16:56:18","date_gmt":"2025-03-24T15:56:18","guid":{"rendered":"https:\/\/taxadora.com\/?p=19837"},"modified":"2026-03-17T17:15:56","modified_gmt":"2026-03-17T16:15:56","slug":"ibi-en-espagne-guide-complet-pour-les-proprietaires-non-residents-2026","status":"publish","type":"post","link":"https:\/\/taxadora.com\/fr\/blog\/ibi-en-espagne-guide-complet-pour-les-proprietaires-non-residents-2026\/","title":{"rendered":"IBI en Espagne : Guide Complet pour les Propri\u00e9taires Non-R\u00e9sidents (2026)"},"content":{"rendered":"\t\t<div data-elementor-type=\"wp-post\" data-elementor-id=\"19837\" class=\"elementor elementor-19837 elementor-16071\" data-elementor-post-type=\"post\">\n\t\t\t\t\t\t<section class=\"elementor-section elementor-top-section elementor-element elementor-element-15b33513 elementor-section-boxed elementor-section-height-default elementor-section-height-default\" data-id=\"15b33513\" data-element_type=\"section\" data-e-type=\"section\">\n\t\t\t\t\t\t<div class=\"elementor-container elementor-column-gap-default\">\n\t\t\t\t\t<div class=\"elementor-column elementor-col-100 elementor-top-column elementor-element elementor-element-d617b61\" data-id=\"d617b61\" data-element_type=\"column\" data-e-type=\"column\">\n\t\t\t<div class=\"elementor-widget-wrap elementor-element-populated\">\n\t\t\t\t\t\t<div class=\"elementor-element elementor-element-32ca814 elementor-widget elementor-widget-heading\" data-id=\"32ca814\" data-element_type=\"widget\" data-e-type=\"widget\" data-widget_type=\"heading.default\">\n\t\t\t\t<div class=\"elementor-widget-container\">\n\t\t\t\t\t<h1 class=\"elementor-heading-title elementor-size-default\">IBI en Espagne : Guide Complet pour les Propri\u00e9taires Non-R\u00e9sidents (2026)<\/h1>\t\t\t\t<\/div>\n\t\t\t\t<\/div>\n\t\t\t\t<div class=\"elementor-element elementor-element-39b0cd7 elementor-widget elementor-widget-image\" data-id=\"39b0cd7\" data-element_type=\"widget\" data-e-type=\"widget\" data-widget_type=\"image.default\">\n\t\t\t\t<div class=\"elementor-widget-container\">\n\t\t\t\t\t\t\t\t\t\t\t\t\t\t\t<img fetchpriority=\"high\" decoding=\"async\" width=\"1000\" height=\"667\" src=\"https:\/\/taxadora.com\/wp-content\/uploads\/2025\/03\/ibi-tax-in-spain-non-resident.webp\" class=\"attachment-full size-full wp-image-19839\" alt=\"what is ibi tax in spain\" srcset=\"https:\/\/taxadora.com\/wp-content\/uploads\/2025\/03\/ibi-tax-in-spain-non-resident.webp 1000w, https:\/\/taxadora.com\/wp-content\/uploads\/2025\/03\/ibi-tax-in-spain-non-resident-300x200.webp 300w, https:\/\/taxadora.com\/wp-content\/uploads\/2025\/03\/ibi-tax-in-spain-non-resident-768x512.webp 768w\" sizes=\"(max-width: 1000px) 100vw, 1000px\" \/>\t\t\t\t\t\t\t\t\t\t\t\t\t\t\t<\/div>\n\t\t\t\t<\/div>\n\t\t\t\t<div class=\"elementor-element elementor-element-5a3422e8 elementor-widget elementor-widget-text-editor\" data-id=\"5a3422e8\" data-element_type=\"widget\" data-e-type=\"widget\" data-widget_type=\"text-editor.default\">\n\t\t\t\t<div class=\"elementor-widget-container\">\n\t\t\t\t\t\t\t\t\t<h2 data-section-id=\"1tvbh20\" data-start=\"306\" data-end=\"341\">Qu\u2019est-ce que l\u2019IBI en Espagne ?<\/h2><p data-start=\"343\" data-end=\"546\">L\u2019<strong data-start=\"345\" data-end=\"386\">IBI (Impuesto sobre Bienes Inmuebles)<\/strong> est la taxe fonci\u00e8re en Espagne. Il s\u2019agit d\u2019un imp\u00f4t local obligatoire pay\u00e9 chaque ann\u00e9e par tous les propri\u00e9taires, qu\u2019ils soient r\u00e9sidents ou non-r\u00e9sidents.<\/p><hr data-start=\"548\" data-end=\"551\" \/><h2 data-section-id=\"zfj4je\" data-start=\"553\" data-end=\"569\">Aper\u00e7u rapide<\/h2><ul data-start=\"571\" data-end=\"739\"><li data-section-id=\"1562hdy\" data-start=\"571\" data-end=\"602\"><p data-start=\"573\" data-end=\"602\">Taxe municipale obligatoire<\/p><\/li><li data-section-id=\"b30tda\" data-start=\"603\" data-end=\"637\"><p data-start=\"605\" data-end=\"637\">Bas\u00e9e sur la valeur cadastrale<\/p><\/li><li data-section-id=\"1n1rdje\" data-start=\"638\" data-end=\"660\"><p data-start=\"640\" data-end=\"660\">Pay\u00e9e chaque ann\u00e9e<\/p><\/li><li data-section-id=\"hkti0m\" data-start=\"661\" data-end=\"699\"><p data-start=\"663\" data-end=\"699\">Aucune d\u00e9claration fiscale requise<\/p><\/li><li data-section-id=\"2hl1ed\" data-start=\"700\" data-end=\"739\"><p data-start=\"702\" data-end=\"739\">Applicable \u00e0 tous les propri\u00e9taires<\/p><\/li><\/ul><hr data-start=\"741\" data-end=\"744\" \/><h2 data-section-id=\"13ax1s5\" data-start=\"746\" data-end=\"761\">Introduction<\/h2><p data-start=\"763\" data-end=\"947\">Si vous poss\u00e9dez un bien immobilier en Espagne, vous devez payer l\u2019IBI. Cette taxe finance les services publics locaux comme les routes, la collecte des d\u00e9chets et les infrastructures.<\/p><p data-start=\"949\" data-end=\"1053\">En 2026, les contr\u00f4les restent stricts et les p\u00e9nalit\u00e9s peuvent \u00eatre importantes en cas de non-paiement.<\/p><hr data-start=\"1055\" data-end=\"1058\" \/><h2 data-section-id=\"1pfy5nc\" data-start=\"1060\" data-end=\"1084\">Qu\u2019est-ce que l\u2019IBI ?<\/h2><p data-start=\"1086\" data-end=\"1148\">L\u2019IBI est l\u2019\u00e9quivalent de la taxe fonci\u00e8re dans d\u2019autres pays.<\/p><ul data-start=\"1150\" data-end=\"1258\"><li data-section-id=\"quz6bk\" data-start=\"1150\" data-end=\"1175\"><p data-start=\"1152\" data-end=\"1175\">Pr\u00e9lev\u00e9 par la mairie<\/p><\/li><li data-section-id=\"m04zkb\" data-start=\"1176\" data-end=\"1219\"><p data-start=\"1178\" data-end=\"1219\">Obligatoire pour tous les propri\u00e9taires<\/p><\/li><li data-section-id=\"1orlbgc\" data-start=\"1220\" data-end=\"1258\"><p data-start=\"1222\" data-end=\"1258\">Ind\u00e9pendant de votre statut fiscal<\/p><\/li><\/ul><hr data-start=\"1260\" data-end=\"1263\" \/><p data-start=\"1265\" data-end=\"1357\">\ud83d\udccc Important :<br data-start=\"1279\" data-end=\"1282\" \/>L\u2019IBI est bas\u00e9 sur la <strong data-start=\"1304\" data-end=\"1325\">valeur cadastrale<\/strong> et non sur la valeur de march\u00e9.<\/p><hr data-start=\"1359\" data-end=\"1362\" \/><h2 data-section-id=\"wrvmts\" data-start=\"1364\" data-end=\"1410\">Diff\u00e9rence avec l\u2019imp\u00f4t non-r\u00e9sident (IRNR)<\/h2><p data-start=\"1412\" data-end=\"1460\">Beaucoup de propri\u00e9taires confondent ces taxes :<\/p><h3 data-section-id=\"1xxfk5g\" data-start=\"1462\" data-end=\"1469\">IBI<\/h3><ul data-start=\"1471\" data-end=\"1529\"><li data-section-id=\"18224co\" data-start=\"1471\" data-end=\"1486\"><p data-start=\"1473\" data-end=\"1486\">Taxe locale<\/p><\/li><li data-section-id=\"1oj8ne2\" data-start=\"1487\" data-end=\"1506\"><p data-start=\"1489\" data-end=\"1506\">Paiement direct<\/p><\/li><li data-section-id=\"rqos87\" data-start=\"1507\" data-end=\"1529\"><p data-start=\"1509\" data-end=\"1529\">Pas de d\u00e9claration<\/p><\/li><\/ul><hr data-start=\"1531\" data-end=\"1534\" \/><h3 data-section-id=\"80hkoc\" data-start=\"1536\" data-end=\"1565\">IRNR (imp\u00f4t non-r\u00e9sident)<\/h3><ul data-start=\"1567\" data-end=\"1651\"><li data-section-id=\"15uf482\" data-start=\"1567\" data-end=\"1585\"><p data-start=\"1569\" data-end=\"1585\">Imp\u00f4t national<\/p><\/li><li data-section-id=\"17hg58p\" data-start=\"1586\" data-end=\"1616\"><p data-start=\"1588\" data-end=\"1616\">D\u00e9claration via Modelo 210<\/p><\/li><li data-section-id=\"e9uehq\" data-start=\"1617\" data-end=\"1651\"><p data-start=\"1619\" data-end=\"1651\">Obligatoire m\u00eame sans location<\/p><\/li><\/ul><hr data-start=\"1653\" data-end=\"1656\" \/><h3 data-section-id=\"1nayshn\" data-start=\"1658\" data-end=\"1676\">Renta imputada<\/h3><ul data-start=\"1678\" data-end=\"1743\"><li data-section-id=\"1jnohln\" data-start=\"1678\" data-end=\"1721\"><p data-start=\"1680\" data-end=\"1721\">Revenu fictif si le bien n\u2019est pas lou\u00e9<\/p><\/li><li data-section-id=\"1onlxwv\" data-start=\"1722\" data-end=\"1743\"><p data-start=\"1724\" data-end=\"1743\">Doit \u00eatre d\u00e9clar\u00e9<\/p><\/li><\/ul><hr data-start=\"1745\" data-end=\"1748\" \/><p data-start=\"1750\" data-end=\"1814\">\ud83d\udccc Conclusion :<br data-start=\"1765\" data-end=\"1768\" \/>IBI et IRNR sont deux obligations distinctes<\/p><hr data-start=\"1816\" data-end=\"1819\" \/><h2 data-section-id=\"1hunp61\" data-start=\"1821\" data-end=\"1854\">Comment l\u2019IBI est-il calcul\u00e9 ?<\/h2><h3 data-section-id=\"1cfkl5m\" data-start=\"1856\" data-end=\"1880\">1. Valeur cadastrale<\/h3><p data-start=\"1882\" data-end=\"1930\">D\u00e9termin\u00e9e par l\u2019administration en fonction de :<\/p><ul data-start=\"1932\" data-end=\"1986\"><li data-section-id=\"htgh9e\" data-start=\"1932\" data-end=\"1948\"><p data-start=\"1934\" data-end=\"1948\">Localisation<\/p><\/li><li data-section-id=\"xfpcmp\" data-start=\"1949\" data-end=\"1959\"><p data-start=\"1951\" data-end=\"1959\">Taille<\/p><\/li><li data-section-id=\"15sw7xp\" data-start=\"1960\" data-end=\"1969\"><p data-start=\"1962\" data-end=\"1969\">Usage<\/p><\/li><li data-section-id=\"1rkfk0h\" data-start=\"1970\" data-end=\"1986\"><p data-start=\"1972\" data-end=\"1986\">\u00c9tat du bien<\/p><\/li><\/ul><hr data-start=\"1988\" data-end=\"1991\" \/><h3 data-section-id=\"4sllii\" data-start=\"1993\" data-end=\"2014\">2. Taux municipal<\/h3><ul data-start=\"2016\" data-end=\"2077\"><li data-section-id=\"u4rety\" data-start=\"2016\" data-end=\"2053\"><p data-start=\"2018\" data-end=\"2053\">G\u00e9n\u00e9ralement entre 0,4 % et 1,3 %<\/p><\/li><li data-section-id=\"1nencbu\" data-start=\"2054\" data-end=\"2077\"><p data-start=\"2056\" data-end=\"2077\">Fix\u00e9 par la commune<\/p><\/li><\/ul><hr data-start=\"2079\" data-end=\"2082\" \/><h3 data-section-id=\"1724eqy\" data-start=\"2084\" data-end=\"2095\">Exemple<\/h3><ul data-start=\"2097\" data-end=\"2147\"><li data-section-id=\"s4lh30\" data-start=\"2097\" data-end=\"2130\"><p data-start=\"2099\" data-end=\"2130\">Valeur cadastrale : 100 000 \u20ac<\/p><\/li><li data-section-id=\"iaqmcl\" data-start=\"2131\" data-end=\"2147\"><p data-start=\"2133\" data-end=\"2147\">Taux : 0,6 %<\/p><\/li><\/ul><p data-start=\"2149\" data-end=\"2170\">\u27a1\ufe0f IBI = 600 \u20ac \/ an<\/p><hr data-start=\"2172\" data-end=\"2175\" \/><h2 data-section-id=\"1ci548w\" data-start=\"2177\" data-end=\"2208\">Quand et comment payer l\u2019IBI<\/h2><h3 data-section-id=\"i5ue5g\" data-start=\"2210\" data-end=\"2233\">P\u00e9riode de paiement<\/h3><ul data-start=\"2235\" data-end=\"2312\"><li data-section-id=\"xv5lyt\" data-start=\"2235\" data-end=\"2279\"><p data-start=\"2237\" data-end=\"2279\">G\u00e9n\u00e9ralement entre septembre et novembre<\/p><\/li><li data-section-id=\"1fgo9xf\" data-start=\"2280\" data-end=\"2312\"><p data-start=\"2282\" data-end=\"2312\">Peut varier selon la commune<\/p><\/li><\/ul><hr data-start=\"2314\" data-end=\"2317\" \/><h3 data-section-id=\"1vnoah7\" data-start=\"2319\" data-end=\"2341\">Moyens de paiement<\/h3><ul data-start=\"2343\" data-end=\"2450\"><li data-section-id=\"1xq2c81\" data-start=\"2343\" data-end=\"2383\"><p data-start=\"2345\" data-end=\"2383\">Pr\u00e9l\u00e8vement automatique (recommand\u00e9)<\/p><\/li><li data-section-id=\"1am94xx\" data-start=\"2384\" data-end=\"2405\"><p data-start=\"2386\" data-end=\"2405\">Paiement en ligne<\/p><\/li><li data-section-id=\"uce7s3\" data-start=\"2406\" data-end=\"2427\"><p data-start=\"2408\" data-end=\"2427\">Virement bancaire<\/p><\/li><li data-section-id=\"122soio\" data-start=\"2428\" data-end=\"2450\"><p data-start=\"2430\" data-end=\"2450\">Paiement en banque<\/p><\/li><\/ul><hr data-start=\"2452\" data-end=\"2455\" \/><h2 data-section-id=\"1bk1e5k\" data-start=\"2457\" data-end=\"2489\">IBI lors de l\u2019achat d\u2019un bien<\/h2><p data-start=\"2491\" data-end=\"2508\">Lors de l\u2019achat :<\/p><ul data-start=\"2510\" data-end=\"2602\"><li data-section-id=\"1e4ur91\" data-start=\"2510\" data-end=\"2570\"><p data-start=\"2512\" data-end=\"2570\">L\u2019avocat met souvent en place un pr\u00e9l\u00e8vement automatique<\/p><\/li><li data-section-id=\"wh50sm\" data-start=\"2571\" data-end=\"2602\"><p data-start=\"2573\" data-end=\"2602\">Permet d\u2019\u00e9viter les retards<\/p><\/li><\/ul><hr data-start=\"2604\" data-end=\"2607\" \/><p data-start=\"2609\" data-end=\"2667\">\ud83d\udccc Important :<br data-start=\"2623\" data-end=\"2626\" \/>L\u2019IBI suit le bien, pas le propri\u00e9taire<\/p><hr data-start=\"2669\" data-end=\"2672\" \/><h2 data-section-id=\"1gh23i8\" data-start=\"2674\" data-end=\"2708\">O\u00f9 trouver la valeur cadastrale<\/h2><p data-start=\"2710\" data-end=\"2736\">Vous pouvez la consulter :<\/p><ul data-start=\"2738\" data-end=\"2824\"><li data-section-id=\"dei452\" data-start=\"2738\" data-end=\"2763\"><p data-start=\"2740\" data-end=\"2763\">Sur votre facture IBI<\/p><\/li><li data-section-id=\"pdulc2\" data-start=\"2764\" data-end=\"2791\"><p data-start=\"2766\" data-end=\"2791\">Sur le site du Catastro<\/p><\/li><li data-section-id=\"1j6ezm2\" data-start=\"2792\" data-end=\"2824\"><p data-start=\"2794\" data-end=\"2824\">Dans votre acte de propri\u00e9t\u00e9<\/p><\/li><\/ul><hr data-start=\"2826\" data-end=\"2829\" \/><h2 data-section-id=\"hzc7d5\" data-start=\"2831\" data-end=\"2864\">Risques en cas de non-paiement<\/h2><p data-start=\"2866\" data-end=\"2883\">\ud83d\udea8 Cons\u00e9quences :<\/p><ul data-start=\"2885\" data-end=\"2993\"><li data-section-id=\"1m2fj5k\" data-start=\"2885\" data-end=\"2913\"><p data-start=\"2887\" data-end=\"2913\">Majoration de 5 % \u00e0 20 %<\/p><\/li><li data-section-id=\"o4xpeg\" data-start=\"2914\" data-end=\"2936\"><p data-start=\"2916\" data-end=\"2936\">Int\u00e9r\u00eats de retard<\/p><\/li><li data-section-id=\"1t9lfdv\" data-start=\"2937\" data-end=\"2959\"><p data-start=\"2939\" data-end=\"2959\">Proc\u00e9dures l\u00e9gales<\/p><\/li><li data-section-id=\"1u7y9on\" data-start=\"2960\" data-end=\"2993\"><p data-start=\"2962\" data-end=\"2993\">Saisie du bien (cas extr\u00eames)<\/p><\/li><\/ul><hr data-start=\"2995\" data-end=\"2998\" \/><h2 data-section-id=\"1m4dw2i\" data-start=\"3000\" data-end=\"3028\">Comment r\u00e9duire votre IBI<\/h2><h3 data-section-id=\"g9f7fc\" data-start=\"3030\" data-end=\"3051\">Options possibles<\/h3><ul data-start=\"3053\" data-end=\"3160\"><li data-section-id=\"95pyyt\" data-start=\"3053\" data-end=\"3087\"><p data-start=\"3055\" data-end=\"3087\">Contester la valeur cadastrale<\/p><\/li><li data-section-id=\"1l4aeoj\" data-start=\"3088\" data-end=\"3124\"><p data-start=\"3090\" data-end=\"3124\">V\u00e9rifier les donn\u00e9es cadastrales<\/p><\/li><li data-section-id=\"lr65pz\" data-start=\"3125\" data-end=\"3160\"><p data-start=\"3127\" data-end=\"3160\">Demander des r\u00e9ductions locales<\/p><\/li><\/ul><hr data-start=\"3162\" data-end=\"3165\" \/><p data-start=\"3167\" data-end=\"3218\">\ud83d\udccc Certaines communes offrent des r\u00e9ductions pour :<\/p><ul data-start=\"3220\" data-end=\"3273\"><li data-section-id=\"sc6x0d\" data-start=\"3220\" data-end=\"3232\"><p data-start=\"3222\" data-end=\"3232\">Familles<\/p><\/li><li data-section-id=\"v04gbj\" data-start=\"3233\" data-end=\"3246\"><p data-start=\"3235\" data-end=\"3246\">Retrait\u00e9s<\/p><\/li><li data-section-id=\"1cosa55\" data-start=\"3247\" data-end=\"3273\"><p data-start=\"3249\" data-end=\"3273\">Logements \u00e9nerg\u00e9tiques<\/p><\/li><\/ul><hr data-start=\"3275\" data-end=\"3278\" \/><h2 data-section-id=\"1h27j7w\" data-start=\"3280\" data-end=\"3315\">Pourquoi c\u2019est important en 2026<\/h2><ul data-start=\"3317\" data-end=\"3438\"><li data-section-id=\"19b5nt9\" data-start=\"3317\" data-end=\"3349\"><p data-start=\"3319\" data-end=\"3349\">Digitalisation des contr\u00f4les<\/p><\/li><li data-section-id=\"11gw50g\" data-start=\"3350\" data-end=\"3392\"><p data-start=\"3352\" data-end=\"3392\">Meilleur acc\u00e8s aux donn\u00e9es cadastrales<\/p><\/li><li data-section-id=\"1rhcaq9\" data-start=\"3393\" data-end=\"3438\"><p data-start=\"3395\" data-end=\"3438\">Coordination accrue entre administrations<\/p><\/li><\/ul><p data-start=\"3440\" data-end=\"3487\">\ud83d\udc49 Les erreurs sont plus facilement d\u00e9tect\u00e9es<\/p><hr data-start=\"3489\" data-end=\"3492\" \/><h2 data-section-id=\"8dtpi\" data-start=\"3494\" data-end=\"3507\">Conclusion<\/h2><p data-start=\"3509\" data-end=\"3626\">L\u2019IBI est une taxe incontournable pour tous les propri\u00e9taires en Espagne. Bien comprendre son fonctionnement permet :<\/p><ul data-start=\"3628\" data-end=\"3715\"><li data-section-id=\"jgq67b\" data-start=\"3628\" data-end=\"3654\"><p data-start=\"3630\" data-end=\"3654\">D\u2019\u00e9viter les p\u00e9nalit\u00e9s<\/p><\/li><li data-section-id=\"13c23dn\" data-start=\"3655\" data-end=\"3683\"><p data-start=\"3657\" data-end=\"3683\">De mieux g\u00e9rer ses co\u00fbts<\/p><\/li><li data-section-id=\"k9dtvc\" data-start=\"3684\" data-end=\"3715\"><p data-start=\"3686\" data-end=\"3715\">De rester conforme \u00e0 la loi<\/p><\/li><\/ul><hr data-start=\"3717\" data-end=\"3720\" \/><h2 data-section-id=\"1rf0y8i\" data-start=\"3722\" data-end=\"3740\">Besoin d\u2019aide ?<\/h2><p data-start=\"3742\" data-end=\"3873\">M\u00eame si l\u2019IBI ne n\u00e9cessite pas de d\u00e9claration, il est essentiel de bien g\u00e9rer l\u2019ensemble de votre fiscalit\u00e9 immobili\u00e8re en Espagne.<\/p><p data-start=\"3875\" data-end=\"3971\">\ud83d\udc49 Taxadora vous accompagne pour vos obligations fiscales (Modelo 210, imp\u00f4t non-r\u00e9sident, etc.)<\/p><p data-start=\"3973\" data-end=\"3995\">\ud83d\udce7 <a class=\"decorated-link cursor-pointer\" rel=\"noopener\" data-start=\"3976\" data-end=\"3993\">info@taxadora.com<\/a><\/p>\t\t\t\t\t\t\t\t<\/div>\n\t\t\t\t<\/div>\n\t\t\t\t\t<\/div>\n\t\t<\/div>\n\t\t\t\t\t<\/div>\n\t\t<\/section>\n\t\t<div class=\"elementor-element elementor-element-a5a0a5f e-con-full e-flex e-con e-parent\" data-id=\"a5a0a5f\" data-element_type=\"container\" data-e-type=\"container\">\n\t\t\t\t<div class=\"elementor-element elementor-element-dccb90a elementor-widget elementor-widget-shortcode\" data-id=\"dccb90a\" data-element_type=\"widget\" data-e-type=\"widget\" data-widget_type=\"shortcode.default\">\n\t\t\t\t<div class=\"elementor-widget-container\">\n\t\t\t\t\t\t\t<div class=\"elementor-shortcode\">\t\t<div data-elementor-type=\"section\" data-elementor-id=\"14285\" class=\"elementor elementor-14285 elementor-13711 elementor-13711\" data-elementor-post-type=\"elementor_library\">\n\t\t\t\t\t<section class=\"elementor-section elementor-top-section elementor-element elementor-element-ac97c0d elementor-section-boxed elementor-section-height-default elementor-section-height-default\" data-id=\"ac97c0d\" data-element_type=\"section\" data-e-type=\"section\" id=\"non-residents\" data-settings=\"{&quot;background_background&quot;:&quot;classic&quot;}\">\n\t\t\t\t\t\t<div class=\"elementor-container elementor-column-gap-default\">\n\t\t\t\t\t<div class=\"elementor-column elementor-col-100 elementor-top-column elementor-element elementor-element-03c7dca\" data-id=\"03c7dca\" data-element_type=\"column\" data-e-type=\"column\">\n\t\t\t<div class=\"elementor-widget-wrap elementor-element-populated\">\n\t\t\t\t\t\t<div class=\"elementor-element elementor-element-bffffa2 text-balance elementor-widget elementor-widget-heading\" data-id=\"bffffa2\" data-element_type=\"widget\" data-e-type=\"widget\" data-widget_type=\"heading.default\">\n\t\t\t\t<div class=\"elementor-widget-container\">\n\t\t\t\t\t<h2 class=\"elementor-heading-title elementor-size-xxl\">Services fiscaux pour les non-r\u00e9sidents en Espagne en quelques minutes seulement<\/h2>\t\t\t\t<\/div>\n\t\t\t\t<\/div>\n\t\t\t\t<div class=\"elementor-element elementor-element-fc07fe8 elementor-widget elementor-widget-heading\" data-id=\"fc07fe8\" data-element_type=\"widget\" data-e-type=\"widget\" data-widget_type=\"heading.default\">\n\t\t\t\t<div class=\"elementor-widget-container\">\n\t\t\t\t\t<h2 class=\"elementor-heading-title elementor-size-xxl\">Taxes pour les non-r\u00e9sidents<\/h2>\t\t\t\t<\/div>\n\t\t\t\t<\/div>\n\t\t\t\t<div class=\"elementor-element elementor-element-6278b30 elementor-widget elementor-widget-text-editor\" data-id=\"6278b30\" data-element_type=\"widget\" data-e-type=\"widget\" data-widget_type=\"text-editor.default\">\n\t\t\t\t<div class=\"elementor-widget-container\">\n\t\t\t\t\t\t\t\t\tVous \u00eates consid\u00e9r\u00e9 comme non-r\u00e9sident si vous passez moins de 183 jours en Espagne et payez habituellement des imp\u00f4ts dans un autre pays. Les non-r\u00e9sidents poss\u00e9dant des biens ou des revenus en Espagne doivent d\u00e9clarer des imp\u00f4ts sp\u00e9cifiques, tels que les imp\u00f4ts fonciers ou les revenus locatifs, en utilisant des formulaires comme le Modelo 210.\t\t\t\t\t\t\t\t<\/div>\n\t\t\t\t<\/div>\n\t\t\t\t\t<\/div>\n\t\t<\/div>\n\t\t\t\t\t<\/div>\n\t\t<\/section>\n\t\t<div class=\"elementor-element elementor-element-b1802fe e-grid e-con-boxed e-con e-parent\" data-id=\"b1802fe\" data-element_type=\"container\" data-e-type=\"container\" data-settings=\"{&quot;background_background&quot;:&quot;classic&quot;}\">\n\t\t\t\t\t<div class=\"e-con-inner\">\n\t\t<div class=\"elementor-element elementor-element-9f30d12 e-con-full e-flex e-con e-child\" data-id=\"9f30d12\" data-element_type=\"container\" data-e-type=\"container\" data-settings=\"{&quot;background_background&quot;:&quot;classic&quot;}\">\n\t\t\t\t<div class=\"elementor-element elementor-element-35b7684 elementor-widget elementor-widget-heading\" data-id=\"35b7684\" data-element_type=\"widget\" data-e-type=\"widget\" data-widget_type=\"heading.default\">\n\t\t\t\t<div class=\"elementor-widget-container\">\n\t\t\t\t\t<div class=\"elementor-heading-title elementor-size-default\">Mod\u00e8le 210<\/div>\t\t\t\t<\/div>\n\t\t\t\t<\/div>\n\t\t\t\t<div class=\"elementor-element elementor-element-6d11548 elementor-widget elementor-widget-heading\" data-id=\"6d11548\" data-element_type=\"widget\" data-e-type=\"widget\" data-widget_type=\"heading.default\">\n\t\t\t\t<div class=\"elementor-widget-container\">\n\t\t\t\t\t<div class=\"elementor-heading-title elementor-size-default\">Imp\u00f4t des non-r\u00e9sidents<\/div>\t\t\t\t<\/div>\n\t\t\t\t<\/div>\n\t\t<div class=\"elementor-element elementor-element-a837ccb e-con-full e-flex e-con e-child\" data-id=\"a837ccb\" data-element_type=\"container\" data-e-type=\"container\">\n\t\t\t\t<div class=\"elementor-element elementor-element-9c0fecb elementor-widget elementor-widget-heading\" data-id=\"9c0fecb\" data-element_type=\"widget\" data-e-type=\"widget\" data-widget_type=\"heading.default\">\n\t\t\t\t<div class=\"elementor-widget-container\">\n\t\t\t\t\t<div class=\"elementor-heading-title elementor-size-default\">depuis<\/div>\t\t\t\t<\/div>\n\t\t\t\t<\/div>\n\t\t\t\t<div class=\"elementor-element elementor-element-de68510 elementor-widget elementor-widget-heading\" data-id=\"de68510\" data-element_type=\"widget\" data-e-type=\"widget\" data-widget_type=\"heading.default\">\n\t\t\t\t<div class=\"elementor-widget-container\">\n\t\t\t\t\t<div class=\"elementor-heading-title elementor-size-default\">34,95\u20ac<\/div>\t\t\t\t<\/div>\n\t\t\t\t<\/div>\n\t\t\t\t<\/div>\n\t\t\t\t<div class=\"elementor-element elementor-element-5a45eed elementor-widget elementor-widget-text-editor\" data-id=\"5a45eed\" data-element_type=\"widget\" data-e-type=\"widget\" data-widget_type=\"text-editor.default\">\n\t\t\t\t<div class=\"elementor-widget-container\">\n\t\t\t\t\t\t\t\t\tD\u00e9claration fiscale pour les non-r\u00e9sidents poss\u00e9dant une propri\u00e9t\u00e9 en Espagne. Nous g\u00e9rons tout \u00e0 distance.\t\t\t\t\t\t\t\t<\/div>\n\t\t\t\t<\/div>\n\t\t\t\t<div class=\"elementor-element elementor-element-48e0891 elementor-widget-divider--view-line elementor-widget elementor-widget-divider\" data-id=\"48e0891\" data-element_type=\"widget\" data-e-type=\"widget\" data-widget_type=\"divider.default\">\n\t\t\t\t<div class=\"elementor-widget-container\">\n\t\t\t\t\t\t\t<div class=\"elementor-divider\">\n\t\t\t<span class=\"elementor-divider-separator\">\n\t\t\t\t\t\t<\/span>\n\t\t<\/div>\n\t\t\t\t\t\t<\/div>\n\t\t\t\t<\/div>\n\t\t\t\t<div class=\"elementor-element elementor-element-b400c29 elementor-button-danger elementor-align-justify elementor-widget elementor-widget-button\" data-id=\"b400c29\" data-element_type=\"widget\" data-e-type=\"widget\" data-widget_type=\"button.default\">\n\t\t\t\t<div class=\"elementor-widget-container\">\n\t\t\t\t\t\t\t\t\t<div class=\"elementor-button-wrapper\">\n\t\t\t\t\t<a class=\"elementor-button elementor-button-link elementor-size-xl elementor-animation-shrink\" href=\"https:\/\/taxadora.com\/fr\/impot-des-non-residents-modelo-210-espagne\/\">\n\t\t\t\t\t\t<span class=\"elementor-button-content-wrapper\">\n\t\t\t\t\t\t\t\t\t<span class=\"elementor-button-text\">Commencez votre d\u00e9claration de revenus<\/span>\n\t\t\t\t\t<\/span>\n\t\t\t\t\t<\/a>\n\t\t\t\t<\/div>\n\t\t\t\t\t\t\t\t<\/div>\n\t\t\t\t<\/div>\n\t\t\t\t<\/div>\n\t\t<div class=\"elementor-element elementor-element-4ed83a9 e-con-full e-flex e-con e-child\" data-id=\"4ed83a9\" data-element_type=\"container\" data-e-type=\"container\" data-settings=\"{&quot;background_background&quot;:&quot;classic&quot;}\">\n\t\t\t\t<div class=\"elementor-element elementor-element-75323b7 elementor-widget elementor-widget-heading\" data-id=\"75323b7\" data-element_type=\"widget\" data-e-type=\"widget\" data-widget_type=\"heading.default\">\n\t\t\t\t<div class=\"elementor-widget-container\">\n\t\t\t\t\t<div class=\"elementor-heading-title elementor-size-default\">Mod\u00e8le 210<\/div>\t\t\t\t<\/div>\n\t\t\t\t<\/div>\n\t\t\t\t<div class=\"elementor-element elementor-element-613b533 elementor-widget elementor-widget-heading\" data-id=\"613b533\" data-element_type=\"widget\" data-e-type=\"widget\" data-widget_type=\"heading.default\">\n\t\t\t\t<div class=\"elementor-widget-container\">\n\t\t\t\t\t<div class=\"elementor-heading-title elementor-size-default\">Imp\u00f4ts sur les revenus locatifs<\/div>\t\t\t\t<\/div>\n\t\t\t\t<\/div>\n\t\t<div class=\"elementor-element elementor-element-d9a5c9e e-con-full e-flex e-con e-child\" data-id=\"d9a5c9e\" data-element_type=\"container\" data-e-type=\"container\">\n\t\t<div class=\"elementor-element elementor-element-7e7ce73 e-con-full e-flex e-con e-child\" data-id=\"7e7ce73\" data-element_type=\"container\" data-e-type=\"container\">\n\t\t\t\t<div class=\"elementor-element elementor-element-69cd743 elementor-widget elementor-widget-heading\" data-id=\"69cd743\" data-element_type=\"widget\" data-e-type=\"widget\" data-widget_type=\"heading.default\">\n\t\t\t\t<div class=\"elementor-widget-container\">\n\t\t\t\t\t<div class=\"elementor-heading-title elementor-size-default\">depuis<\/div>\t\t\t\t<\/div>\n\t\t\t\t<\/div>\n\t\t\t\t<div class=\"elementor-element elementor-element-63162fa elementor-widget elementor-widget-heading\" data-id=\"63162fa\" data-element_type=\"widget\" data-e-type=\"widget\" data-widget_type=\"heading.default\">\n\t\t\t\t<div class=\"elementor-widget-container\">\n\t\t\t\t\t<div class=\"elementor-heading-title elementor-size-default\">49\u20ac<\/div>\t\t\t\t<\/div>\n\t\t\t\t<\/div>\n\t\t\t\t<\/div>\n\t\t\t\t<\/div>\n\t\t\t\t<div class=\"elementor-element elementor-element-dd06d84 elementor-widget elementor-widget-text-editor\" data-id=\"dd06d84\" data-element_type=\"widget\" data-e-type=\"widget\" data-widget_type=\"text-editor.default\">\n\t\t\t\t<div class=\"elementor-widget-container\">\n\t\t\t\t\t\t\t\t\tLes non-r\u00e9sidents qui louent un bien immobilier en Espagne doivent d\u00e9clarer leurs revenus locatifs trimestriellement.\t\t\t\t\t\t\t\t<\/div>\n\t\t\t\t<\/div>\n\t\t\t\t<div class=\"elementor-element elementor-element-2774e99 elementor-widget-divider--view-line elementor-widget elementor-widget-divider\" data-id=\"2774e99\" data-element_type=\"widget\" data-e-type=\"widget\" data-widget_type=\"divider.default\">\n\t\t\t\t<div class=\"elementor-widget-container\">\n\t\t\t\t\t\t\t<div class=\"elementor-divider\">\n\t\t\t<span class=\"elementor-divider-separator\">\n\t\t\t\t\t\t<\/span>\n\t\t<\/div>\n\t\t\t\t\t\t<\/div>\n\t\t\t\t<\/div>\n\t\t\t\t<div class=\"elementor-element elementor-element-3cab665 elementor-button-danger elementor-align-justify elementor-widget elementor-widget-button\" data-id=\"3cab665\" data-element_type=\"widget\" data-e-type=\"widget\" data-widget_type=\"button.default\">\n\t\t\t\t<div class=\"elementor-widget-container\">\n\t\t\t\t\t\t\t\t\t<div class=\"elementor-button-wrapper\">\n\t\t\t\t\t<a class=\"elementor-button elementor-button-link elementor-size-xl elementor-animation-shrink\" href=\"https:\/\/taxadora.com\/fr\/impots-sur-les-revenus-locatifs-en-espagne\/\">\n\t\t\t\t\t\t<span class=\"elementor-button-content-wrapper\">\n\t\t\t\t\t\t\t\t\t<span class=\"elementor-button-text\">Commencez votre d\u00e9claration de revenus<\/span>\n\t\t\t\t\t<\/span>\n\t\t\t\t\t<\/a>\n\t\t\t\t<\/div>\n\t\t\t\t\t\t\t\t<\/div>\n\t\t\t\t<\/div>\n\t\t\t\t<\/div>\n\t\t<div class=\"elementor-element elementor-element-0558301 e-con-full e-flex e-con e-child\" data-id=\"0558301\" data-element_type=\"container\" data-e-type=\"container\" data-settings=\"{&quot;background_background&quot;:&quot;classic&quot;}\">\n\t\t\t\t<div class=\"elementor-element elementor-element-c6e38bb elementor-widget elementor-widget-heading\" data-id=\"c6e38bb\" data-element_type=\"widget\" data-e-type=\"widget\" data-widget_type=\"heading.default\">\n\t\t\t\t<div class=\"elementor-widget-container\">\n\t\t\t\t\t<div class=\"elementor-heading-title elementor-size-default\">Mod\u00e8le 210<\/div>\t\t\t\t<\/div>\n\t\t\t\t<\/div>\n\t\t\t\t<div class=\"elementor-element elementor-element-af55368 elementor-widget elementor-widget-heading\" data-id=\"af55368\" data-element_type=\"widget\" data-e-type=\"widget\" data-widget_type=\"heading.default\">\n\t\t\t\t<div class=\"elementor-widget-container\">\n\t\t\t\t\t<div class=\"elementor-heading-title elementor-size-default\">Taxe sur la vente de propri\u00e9t\u00e9<\/div>\t\t\t\t<\/div>\n\t\t\t\t<\/div>\n\t\t<div class=\"elementor-element elementor-element-b1132ea e-con-full e-flex e-con e-child\" data-id=\"b1132ea\" data-element_type=\"container\" data-e-type=\"container\">\n\t\t\t\t<div class=\"elementor-element elementor-element-aefc71b elementor-widget elementor-widget-heading\" data-id=\"aefc71b\" data-element_type=\"widget\" data-e-type=\"widget\" data-widget_type=\"heading.default\">\n\t\t\t\t<div class=\"elementor-widget-container\">\n\t\t\t\t\t<div class=\"elementor-heading-title elementor-size-default\">depuis<\/div>\t\t\t\t<\/div>\n\t\t\t\t<\/div>\n\t\t\t\t<div class=\"elementor-element elementor-element-9b38410 elementor-widget elementor-widget-heading\" data-id=\"9b38410\" data-element_type=\"widget\" data-e-type=\"widget\" data-widget_type=\"heading.default\">\n\t\t\t\t<div class=\"elementor-widget-container\">\n\t\t\t\t\t<div class=\"elementor-heading-title elementor-size-default\">198\u20ac<\/div>\t\t\t\t<\/div>\n\t\t\t\t<\/div>\n\t\t\t\t<\/div>\n\t\t\t\t<div class=\"elementor-element elementor-element-5be4cbe elementor-widget elementor-widget-text-editor\" data-id=\"5be4cbe\" data-element_type=\"widget\" data-e-type=\"widget\" data-widget_type=\"text-editor.default\">\n\t\t\t\t<div class=\"elementor-widget-container\">\n\t\t\t\t\t\t\t\t\tLes non-r\u00e9sidents qui vendent un bien immobilier doivent d\u00e9clarer la vente et les plus-values, avec une retenue de 3%.\t\t\t\t\t\t\t\t<\/div>\n\t\t\t\t<\/div>\n\t\t\t\t<div class=\"elementor-element elementor-element-af0b3ee elementor-widget-divider--view-line elementor-widget elementor-widget-divider\" data-id=\"af0b3ee\" data-element_type=\"widget\" data-e-type=\"widget\" data-widget_type=\"divider.default\">\n\t\t\t\t<div class=\"elementor-widget-container\">\n\t\t\t\t\t\t\t<div class=\"elementor-divider\">\n\t\t\t<span class=\"elementor-divider-separator\">\n\t\t\t\t\t\t<\/span>\n\t\t<\/div>\n\t\t\t\t\t\t<\/div>\n\t\t\t\t<\/div>\n\t\t\t\t<div class=\"elementor-element elementor-element-1bf52a3 elementor-button-danger elementor-align-justify elementor-widget elementor-widget-button\" data-id=\"1bf52a3\" data-element_type=\"widget\" data-e-type=\"widget\" data-widget_type=\"button.default\">\n\t\t\t\t<div class=\"elementor-widget-container\">\n\t\t\t\t\t\t\t\t\t<div class=\"elementor-button-wrapper\">\n\t\t\t\t\t<a class=\"elementor-button elementor-button-link elementor-size-xl elementor-animation-shrink\" href=\"https:\/\/taxadora.com\/fr\/taxes-de-vente-de-propriete\/\">\n\t\t\t\t\t\t<span class=\"elementor-button-content-wrapper\">\n\t\t\t\t\t\t\t\t\t<span class=\"elementor-button-text\">Commencez votre d\u00e9claration de revenus<\/span>\n\t\t\t\t\t<\/span>\n\t\t\t\t\t<\/a>\n\t\t\t\t<\/div>\n\t\t\t\t\t\t\t\t<\/div>\n\t\t\t\t<\/div>\n\t\t\t\t<\/div>\n\t\t\t\t\t<\/div>\n\t\t\t\t<\/div>\n\t\t\t\t<section class=\"elementor-section elementor-top-section elementor-element elementor-element-794373b elementor-section-boxed elementor-section-height-default elementor-section-height-default\" data-id=\"794373b\" data-element_type=\"section\" data-e-type=\"section\" id=\"residents\" data-settings=\"{&quot;background_background&quot;:&quot;classic&quot;}\">\n\t\t\t\t\t\t<div class=\"elementor-container elementor-column-gap-default\">\n\t\t\t\t\t<div class=\"elementor-column elementor-col-100 elementor-top-column elementor-element elementor-element-f2f0584\" data-id=\"f2f0584\" data-element_type=\"column\" data-e-type=\"column\">\n\t\t\t<div class=\"elementor-widget-wrap elementor-element-populated\">\n\t\t\t\t\t\t<div class=\"elementor-element elementor-element-01176f1 text-balance elementor-widget elementor-widget-heading\" data-id=\"01176f1\" data-element_type=\"widget\" data-e-type=\"widget\" data-widget_type=\"heading.default\">\n\t\t\t\t<div class=\"elementor-widget-container\">\n\t\t\t\t\t<h2 class=\"elementor-heading-title elementor-size-xxl\">D\u00e9claration de revenus pour les r\u00e9sidents en Espagne, simplifi\u00e9e<\/h2>\t\t\t\t<\/div>\n\t\t\t\t<\/div>\n\t\t\t\t<div class=\"elementor-element elementor-element-d582ee4 elementor-widget elementor-widget-heading\" data-id=\"d582ee4\" data-element_type=\"widget\" data-e-type=\"widget\" data-widget_type=\"heading.default\">\n\t\t\t\t<div class=\"elementor-widget-container\">\n\t\t\t\t\t<h2 class=\"elementor-heading-title elementor-size-xxl\">Taxes pour les r\u00e9sidents<\/h2>\t\t\t\t<\/div>\n\t\t\t\t<\/div>\n\t\t\t\t<div class=\"elementor-element elementor-element-1b2d3e1 elementor-widget elementor-widget-text-editor\" data-id=\"1b2d3e1\" data-element_type=\"widget\" data-e-type=\"widget\" data-widget_type=\"text-editor.default\">\n\t\t\t\t<div class=\"elementor-widget-container\">\n\t\t\t\t\t\t\t\t\tVous \u00eates consid\u00e9r\u00e9 comme r\u00e9sident fiscal en Espagne si vous passez plus de 183 jours par an dans le pays. \u00catre r\u00e9sident signifie que vous devez d\u00e9clarer vos revenus globaux, quel que soit l&rsquo;endroit o\u00f9 ils sont gagn\u00e9s, et d\u00e9clarer vos imp\u00f4ts chaque ann\u00e9e en Espagne.\t\t\t\t\t\t\t\t<\/div>\n\t\t\t\t<\/div>\n\t\t\t\t\t<\/div>\n\t\t<\/div>\n\t\t\t\t\t<\/div>\n\t\t<\/section>\n\t\t<div class=\"elementor-element elementor-element-f26edf6 e-grid e-con-boxed e-con e-parent\" data-id=\"f26edf6\" data-element_type=\"container\" data-e-type=\"container\" data-settings=\"{&quot;background_background&quot;:&quot;classic&quot;}\">\n\t\t\t\t\t<div class=\"e-con-inner\">\n\t\t<div class=\"elementor-element elementor-element-c0279b4 e-con-full e-flex e-con e-child\" data-id=\"c0279b4\" data-element_type=\"container\" data-e-type=\"container\" data-settings=\"{&quot;background_background&quot;:&quot;classic&quot;}\">\n\t\t\t\t<div class=\"elementor-element elementor-element-093ca89 elementor-widget elementor-widget-heading\" data-id=\"093ca89\" data-element_type=\"widget\" data-e-type=\"widget\" data-widget_type=\"heading.default\">\n\t\t\t\t<div class=\"elementor-widget-container\">\n\t\t\t\t\t<div class=\"elementor-heading-title elementor-size-default\">Mod\u00e8le 100<\/div>\t\t\t\t<\/div>\n\t\t\t\t<\/div>\n\t\t\t\t<div class=\"elementor-element elementor-element-96b6874 elementor-widget elementor-widget-heading\" data-id=\"96b6874\" data-element_type=\"widget\" data-e-type=\"widget\" data-widget_type=\"heading.default\">\n\t\t\t\t<div class=\"elementor-widget-container\">\n\t\t\t\t\t<div class=\"elementor-heading-title elementor-size-default\">Imp\u00f4ts pour les r\u00e9sidents en Espagne (IRPF)<\/div>\t\t\t\t<\/div>\n\t\t\t\t<\/div>\n\t\t<div class=\"elementor-element elementor-element-76854e4 e-con-full e-flex e-con e-child\" data-id=\"76854e4\" data-element_type=\"container\" data-e-type=\"container\">\n\t\t\t\t<div class=\"elementor-element elementor-element-0e2d2be elementor-widget elementor-widget-heading\" data-id=\"0e2d2be\" data-element_type=\"widget\" data-e-type=\"widget\" data-widget_type=\"heading.default\">\n\t\t\t\t<div class=\"elementor-widget-container\">\n\t\t\t\t\t<div class=\"elementor-heading-title elementor-size-default\">depuis<\/div>\t\t\t\t<\/div>\n\t\t\t\t<\/div>\n\t\t\t\t<div class=\"elementor-element elementor-element-9d19f0f elementor-widget elementor-widget-heading\" data-id=\"9d19f0f\" data-element_type=\"widget\" data-e-type=\"widget\" data-widget_type=\"heading.default\">\n\t\t\t\t<div class=\"elementor-widget-container\">\n\t\t\t\t\t<div class=\"elementor-heading-title elementor-size-default\">123\u20ac<\/div>\t\t\t\t<\/div>\n\t\t\t\t<\/div>\n\t\t\t\t<\/div>\n\t\t\t\t<div class=\"elementor-element elementor-element-4c39114 elementor-widget elementor-widget-text-editor\" data-id=\"4c39114\" data-element_type=\"widget\" data-e-type=\"widget\" data-widget_type=\"text-editor.default\">\n\t\t\t\t<div class=\"elementor-widget-container\">\n\t\t\t\t\t\t\t\t\tLes r\u00e9sidents en Espagne doivent d\u00e9clarer leur revenu global chaque ann\u00e9e, quel que soit leur visa ou permis.\t\t\t\t\t\t\t\t<\/div>\n\t\t\t\t<\/div>\n\t\t\t\t<div class=\"elementor-element elementor-element-61b4f56 elementor-widget-divider--view-line elementor-widget elementor-widget-divider\" data-id=\"61b4f56\" data-element_type=\"widget\" data-e-type=\"widget\" data-widget_type=\"divider.default\">\n\t\t\t\t<div class=\"elementor-widget-container\">\n\t\t\t\t\t\t\t<div class=\"elementor-divider\">\n\t\t\t<span class=\"elementor-divider-separator\">\n\t\t\t\t\t\t<\/span>\n\t\t<\/div>\n\t\t\t\t\t\t<\/div>\n\t\t\t\t<\/div>\n\t\t\t\t<div class=\"elementor-element elementor-element-6bc7486 elementor-button-danger elementor-align-justify elementor-widget elementor-widget-button\" data-id=\"6bc7486\" data-element_type=\"widget\" data-e-type=\"widget\" data-widget_type=\"button.default\">\n\t\t\t\t<div class=\"elementor-widget-container\">\n\t\t\t\t\t\t\t\t\t<div class=\"elementor-button-wrapper\">\n\t\t\t\t\t<a class=\"elementor-button elementor-button-link elementor-size-xl elementor-animation-shrink\" href=\"https:\/\/taxadora.com\/fr\/impots-pour-residents-en-espagne\/\">\n\t\t\t\t\t\t<span class=\"elementor-button-content-wrapper\">\n\t\t\t\t\t\t\t\t\t<span class=\"elementor-button-text\">Commencez votre d\u00e9claration de revenus<\/span>\n\t\t\t\t\t<\/span>\n\t\t\t\t\t<\/a>\n\t\t\t\t<\/div>\n\t\t\t\t\t\t\t\t<\/div>\n\t\t\t\t<\/div>\n\t\t\t\t<\/div>\n\t\t<div class=\"elementor-element elementor-element-5ea1a61 e-con-full e-flex e-con e-child\" data-id=\"5ea1a61\" data-element_type=\"container\" data-e-type=\"container\" data-settings=\"{&quot;background_background&quot;:&quot;classic&quot;}\">\n\t\t\t\t<div class=\"elementor-element elementor-element-aff0057 elementor-widget elementor-widget-heading\" data-id=\"aff0057\" data-element_type=\"widget\" data-e-type=\"widget\" data-widget_type=\"heading.default\">\n\t\t\t\t<div class=\"elementor-widget-container\">\n\t\t\t\t\t<div class=\"elementor-heading-title elementor-size-default\">Mod\u00e8le 720<\/div>\t\t\t\t<\/div>\n\t\t\t\t<\/div>\n\t\t\t\t<div class=\"elementor-element elementor-element-4d7660f elementor-widget elementor-widget-heading\" data-id=\"4d7660f\" data-element_type=\"widget\" data-e-type=\"widget\" data-widget_type=\"heading.default\">\n\t\t\t\t<div class=\"elementor-widget-container\">\n\t\t\t\t\t<div class=\"elementor-heading-title elementor-size-default\">D\u00e9claration d'avoirs \u00e9trangers<\/div>\t\t\t\t<\/div>\n\t\t\t\t<\/div>\n\t\t<div class=\"elementor-element elementor-element-aa3dce6 e-con-full e-flex e-con e-child\" data-id=\"aa3dce6\" data-element_type=\"container\" data-e-type=\"container\">\n\t\t\t\t<div class=\"elementor-element elementor-element-fb20a97 elementor-widget elementor-widget-heading\" data-id=\"fb20a97\" data-element_type=\"widget\" data-e-type=\"widget\" data-widget_type=\"heading.default\">\n\t\t\t\t<div class=\"elementor-widget-container\">\n\t\t\t\t\t<div class=\"elementor-heading-title elementor-size-default\">from<\/div>\t\t\t\t<\/div>\n\t\t\t\t<\/div>\n\t\t\t\t<div class=\"elementor-element elementor-element-bcde79d elementor-widget elementor-widget-heading\" data-id=\"bcde79d\" data-element_type=\"widget\" data-e-type=\"widget\" data-widget_type=\"heading.default\">\n\t\t\t\t<div class=\"elementor-widget-container\">\n\t\t\t\t\t<div class=\"elementor-heading-title elementor-size-default\">148\u20ac<\/div>\t\t\t\t<\/div>\n\t\t\t\t<\/div>\n\t\t\t\t<\/div>\n\t\t\t\t<div class=\"elementor-element elementor-element-efa350b elementor-widget elementor-widget-text-editor\" data-id=\"efa350b\" data-element_type=\"widget\" data-e-type=\"widget\" data-widget_type=\"text-editor.default\">\n\t\t\t\t<div class=\"elementor-widget-container\">\n\t\t\t\t\t\t\t\t\tLes r\u00e9sidents en Espagne poss\u00e9dant des actifs \u00e0 l&rsquo;\u00e9tranger doivent les d\u00e9clarer pour \u00e9viter les amendes, m\u00eame sans devoir payer d&rsquo;imp\u00f4ts.\t\t\t\t\t\t\t\t<\/div>\n\t\t\t\t<\/div>\n\t\t\t\t<div class=\"elementor-element elementor-element-90df537 elementor-widget-divider--view-line elementor-widget elementor-widget-divider\" data-id=\"90df537\" data-element_type=\"widget\" data-e-type=\"widget\" data-widget_type=\"divider.default\">\n\t\t\t\t<div class=\"elementor-widget-container\">\n\t\t\t\t\t\t\t<div class=\"elementor-divider\">\n\t\t\t<span class=\"elementor-divider-separator\">\n\t\t\t\t\t\t<\/span>\n\t\t<\/div>\n\t\t\t\t\t\t<\/div>\n\t\t\t\t<\/div>\n\t\t\t\t<div class=\"elementor-element elementor-element-3d876b9 elementor-button-danger elementor-align-justify elementor-widget elementor-widget-button\" data-id=\"3d876b9\" data-element_type=\"widget\" data-e-type=\"widget\" data-widget_type=\"button.default\">\n\t\t\t\t<div class=\"elementor-widget-container\">\n\t\t\t\t\t\t\t\t\t<div class=\"elementor-button-wrapper\">\n\t\t\t\t\t<a class=\"elementor-button elementor-button-link elementor-size-xl elementor-animation-shrink\" href=\"https:\/\/taxadora.com\/fr\/modelo-720-declaration-des-actifs-etrangers\/\">\n\t\t\t\t\t\t<span class=\"elementor-button-content-wrapper\">\n\t\t\t\t\t\t\t\t\t<span class=\"elementor-button-text\">Commencez votre d\u00e9claration de revenus<\/span>\n\t\t\t\t\t<\/span>\n\t\t\t\t\t<\/a>\n\t\t\t\t<\/div>\n\t\t\t\t\t\t\t\t<\/div>\n\t\t\t\t<\/div>\n\t\t\t\t<\/div>\n\t\t<div class=\"elementor-element elementor-element-2f28c6e e-con-full e-flex e-con e-child\" data-id=\"2f28c6e\" data-element_type=\"container\" data-e-type=\"container\" data-settings=\"{&quot;background_background&quot;:&quot;classic&quot;}\">\n\t\t\t\t<div class=\"elementor-element elementor-element-1f48bb1 elementor-widget elementor-widget-heading\" data-id=\"1f48bb1\" data-element_type=\"widget\" data-e-type=\"widget\" data-widget_type=\"heading.default\">\n\t\t\t\t<div class=\"elementor-widget-container\">\n\t\t\t\t\t<div class=\"elementor-heading-title elementor-size-default\">Autres proc\u00e9dures<\/div>\t\t\t\t<\/div>\n\t\t\t\t<\/div>\n\t\t\t\t<div class=\"elementor-element elementor-element-80c199e elementor-widget elementor-widget-heading\" data-id=\"80c199e\" data-element_type=\"widget\" data-e-type=\"widget\" data-widget_type=\"heading.default\">\n\t\t\t\t<div class=\"elementor-widget-container\">\n\t\t\t\t\t<div class=\"elementor-heading-title elementor-size-default\">Droits de succession, de donations, d'imp\u00f4t sur la fortune, d\u00e9claration d'imp\u00f4t \"Loi Beckham\" et autres<\/div>\t\t\t\t<\/div>\n\t\t\t\t<\/div>\n\t\t\t\t<div class=\"elementor-element elementor-element-7708f52 elementor-widget elementor-widget-text-editor\" data-id=\"7708f52\" data-element_type=\"widget\" data-e-type=\"widget\" data-widget_type=\"text-editor.default\">\n\t\t\t\t<div class=\"elementor-widget-container\">\n\t\t\t\t\t\t\t\t\tContactez-nous pour une assistance sur un large \u00e9ventail de d\u00e9marches fiscales, adapt\u00e9es \u00e0 vos besoins\t\t\t\t\t\t\t\t<\/div>\n\t\t\t\t<\/div>\n\t\t\t\t<div class=\"elementor-element elementor-element-dab9f83 elementor-widget-divider--view-line elementor-widget elementor-widget-divider\" data-id=\"dab9f83\" data-element_type=\"widget\" data-e-type=\"widget\" data-widget_type=\"divider.default\">\n\t\t\t\t<div class=\"elementor-widget-container\">\n\t\t\t\t\t\t\t<div class=\"elementor-divider\">\n\t\t\t<span class=\"elementor-divider-separator\">\n\t\t\t\t\t\t<\/span>\n\t\t<\/div>\n\t\t\t\t\t\t<\/div>\n\t\t\t\t<\/div>\n\t\t\t\t<div class=\"elementor-element elementor-element-a289348 elementor-button-danger elementor-align-justify elementor-widget elementor-widget-button\" data-id=\"a289348\" data-element_type=\"widget\" data-e-type=\"widget\" data-widget_type=\"button.default\">\n\t\t\t\t<div class=\"elementor-widget-container\">\n\t\t\t\t\t\t\t\t\t<div class=\"elementor-button-wrapper\">\n\t\t\t\t\t<a class=\"elementor-button elementor-button-link elementor-size-xl elementor-animation-shrink\" href=\"mailto:info@taxadora.com\">\n\t\t\t\t\t\t<span class=\"elementor-button-content-wrapper\">\n\t\t\t\t\t\t\t\t\t<span class=\"elementor-button-text\">Contactez-nous<\/span>\n\t\t\t\t\t<\/span>\n\t\t\t\t\t<\/a>\n\t\t\t\t<\/div>\n\t\t\t\t\t\t\t\t<\/div>\n\t\t\t\t<\/div>\n\t\t\t\t<\/div>\n\t\t\t\t\t<\/div>\n\t\t\t\t<\/div>\n\t\t\t\t<\/div>\n\t\t<\/div>\n\t\t\t\t\t\t<\/div>\n\t\t\t\t<\/div>\n\t\t\t\t<\/div>\n\t\t\t\t<\/div>\n\t\t","protected":false},"excerpt":{"rendered":"<p>IBI en Espagne : Guide Complet pour les Propri\u00e9taires Non-R\u00e9sidents (2026) Qu\u2019est-ce que l\u2019IBI en Espagne ? L\u2019IBI (Impuesto sobre Bienes Inmuebles) est la taxe fonci\u00e8re en Espagne. Il s\u2019agit d\u2019un imp\u00f4t local obligatoire pay\u00e9 chaque ann\u00e9e par tous les propri\u00e9taires, qu\u2019ils soient r\u00e9sidents ou non-r\u00e9sidents. Aper\u00e7u rapide Taxe municipale obligatoire Bas\u00e9e sur la valeur [&hellip;]<\/p>\n","protected":false},"author":1,"featured_media":0,"comment_status":"open","ping_status":"open","sticky":false,"template":"","format":"standard","meta":{"footnotes":""},"categories":[157],"tags":[],"class_list":["post-19837","post","type-post","status-publish","format-standard","hentry","category-non-classifiee"],"_links":{"self":[{"href":"https:\/\/taxadora.com\/fr\/wp-json\/wp\/v2\/posts\/19837","targetHints":{"allow":["GET"]}}],"collection":[{"href":"https:\/\/taxadora.com\/fr\/wp-json\/wp\/v2\/posts"}],"about":[{"href":"https:\/\/taxadora.com\/fr\/wp-json\/wp\/v2\/types\/post"}],"author":[{"embeddable":true,"href":"https:\/\/taxadora.com\/fr\/wp-json\/wp\/v2\/users\/1"}],"replies":[{"embeddable":true,"href":"https:\/\/taxadora.com\/fr\/wp-json\/wp\/v2\/comments?post=19837"}],"version-history":[{"count":4,"href":"https:\/\/taxadora.com\/fr\/wp-json\/wp\/v2\/posts\/19837\/revisions"}],"predecessor-version":[{"id":19842,"href":"https:\/\/taxadora.com\/fr\/wp-json\/wp\/v2\/posts\/19837\/revisions\/19842"}],"wp:attachment":[{"href":"https:\/\/taxadora.com\/fr\/wp-json\/wp\/v2\/media?parent=19837"}],"wp:term":[{"taxonomy":"category","embeddable":true,"href":"https:\/\/taxadora.com\/fr\/wp-json\/wp\/v2\/categories?post=19837"},{"taxonomy":"post_tag","embeddable":true,"href":"https:\/\/taxadora.com\/fr\/wp-json\/wp\/v2\/tags?post=19837"}],"curies":[{"name":"wp","href":"https:\/\/api.w.org\/{rel}","templated":true}]}}