{"id":19822,"date":"2025-03-24T17:08:36","date_gmt":"2025-03-24T16:08:36","guid":{"rendered":"https:\/\/taxadora.com\/?p=19822"},"modified":"2026-03-17T17:13:09","modified_gmt":"2026-03-17T16:13:09","slug":"loi-beckham-en-espagne-2026-avantages-fiscaux-pour-les-expatries","status":"publish","type":"post","link":"https:\/\/taxadora.com\/fr\/blog\/loi-beckham-en-espagne-2026-avantages-fiscaux-pour-les-expatries\/","title":{"rendered":"Loi Beckham en Espagne (2026) : Avantages Fiscaux pour les Expatri\u00e9s"},"content":{"rendered":"\t\t<div data-elementor-type=\"wp-post\" data-elementor-id=\"19822\" class=\"elementor elementor-19822 elementor-16091\" data-elementor-post-type=\"post\">\n\t\t\t\t\t\t<section class=\"elementor-section elementor-top-section elementor-element elementor-element-15b33513 elementor-section-boxed elementor-section-height-default elementor-section-height-default\" data-id=\"15b33513\" data-element_type=\"section\" data-e-type=\"section\">\n\t\t\t\t\t\t<div class=\"elementor-container elementor-column-gap-default\">\n\t\t\t\t\t<div class=\"elementor-column elementor-col-100 elementor-top-column elementor-element elementor-element-d617b61\" data-id=\"d617b61\" data-element_type=\"column\" data-e-type=\"column\">\n\t\t\t<div class=\"elementor-widget-wrap elementor-element-populated\">\n\t\t\t\t\t\t<div class=\"elementor-element elementor-element-5a3422e8 elementor-widget elementor-widget-text-editor\" data-id=\"5a3422e8\" data-element_type=\"widget\" data-e-type=\"widget\" data-widget_type=\"text-editor.default\">\n\t\t\t\t<div class=\"elementor-widget-container\">\n\t\t\t\t\t\t\t\t\t<h1 data-section-id=\"1dvz1zi\" data-start=\"219\" data-end=\"289\">Loi Beckham en Espagne (2026) : Avantages Fiscaux pour les Expatri\u00e9s<\/h1>\n<p data-start=\"291\" data-end=\"350\"><strong data-start=\"291\" data-end=\"350\">Guide complet 2026 \u2013 Fiscalit\u00e9 des expatri\u00e9s en Espagne<\/strong><\/p>\n<h2 data-section-id=\"zfj4je\" data-start=\"352\" data-end=\"368\">Aper\u00e7u rapide<\/h2>\n<ul data-start=\"370\" data-end=\"560\">\n<li data-section-id=\"o6zfvk\" data-start=\"370\" data-end=\"408\">\n<p data-start=\"372\" data-end=\"408\">Taux fixe : 24 % jusqu\u2019\u00e0 600 000 \u20ac<\/p>\n<\/li>\n<li data-section-id=\"1xzcgf2\" data-start=\"409\" data-end=\"473\">\n<p data-start=\"411\" data-end=\"473\">Revenus \u00e9trangers g\u00e9n\u00e9ralement exclus (sauf cas sp\u00e9cifiques)<\/p>\n<\/li>\n<li data-section-id=\"17kz9e7\" data-start=\"474\" data-end=\"504\">\n<p data-start=\"476\" data-end=\"504\">D\u00e9claration via Modelo 151<\/p>\n<\/li>\n<li data-section-id=\"jyeqg6\" data-start=\"505\" data-end=\"530\">\n<p data-start=\"507\" data-end=\"530\">Dur\u00e9e : jusqu\u2019\u00e0 6 ans<\/p>\n<\/li>\n<li data-section-id=\"wkmlue\" data-start=\"531\" data-end=\"560\">\n<p data-start=\"533\" data-end=\"560\">D\u00e9lai de demande : 6 mois<\/p>\n<\/li>\n<\/ul>\n<hr data-start=\"562\" data-end=\"565\">\n<h2 data-section-id=\"13ax1s5\" data-start=\"567\" data-end=\"582\">Introduction<\/h2>\n<p data-start=\"584\" data-end=\"740\">La <strong data-start=\"587\" data-end=\"613\">loi Beckham en Espagne<\/strong> reste en 2026 l\u2019un des r\u00e9gimes fiscaux les plus attractifs pour les expatri\u00e9s, cadres internationaux et travailleurs d\u00e9tach\u00e9s.<\/p>\n<p data-start=\"742\" data-end=\"872\">Elle permet d\u2019\u00eatre impos\u00e9 comme un non-r\u00e9sident, m\u00eame en vivant en Espagne, ce qui peut r\u00e9duire consid\u00e9rablement votre imposition.<\/p>\n<hr data-start=\"874\" data-end=\"877\">\n<h2 data-section-id=\"1gr0h7n\" data-start=\"879\" data-end=\"912\">Qu\u2019est-ce que la loi Beckham ?<\/h2>\n<p data-start=\"914\" data-end=\"995\">La loi Beckham est un <strong data-start=\"936\" data-end=\"976\">r\u00e9gime fiscal sp\u00e9cial pour impatri\u00e9s<\/strong> introduit en 2005.<\/p>\n<p data-start=\"997\" data-end=\"1010\">Elle permet :<\/p>\n<ul data-start=\"1012\" data-end=\"1123\">\n<li data-section-id=\"ggvxs1\" data-start=\"1012\" data-end=\"1042\">\n<p data-start=\"1014\" data-end=\"1042\">Une imposition \u00e0 taux fixe<\/p>\n<\/li>\n<li data-section-id=\"1rkjy5t\" data-start=\"1043\" data-end=\"1071\">\n<p data-start=\"1045\" data-end=\"1071\">Une fiscalit\u00e9 simplifi\u00e9e<\/p>\n<\/li>\n<li data-section-id=\"1jyrhss\" data-start=\"1072\" data-end=\"1123\">\n<p data-start=\"1074\" data-end=\"1123\">Une optimisation fiscale pour les hauts revenus<\/p>\n<\/li>\n<\/ul>\n<hr data-start=\"1125\" data-end=\"1128\">\n<h2 data-section-id=\"wm9ygg\" data-start=\"1130\" data-end=\"1158\">Taux d\u2019imposition en 2026<\/h2>\n<ul data-start=\"1160\" data-end=\"1203\">\n<li data-section-id=\"10w8xv4\" data-start=\"1160\" data-end=\"1186\">\n<p data-start=\"1162\" data-end=\"1186\">24 % jusqu\u2019\u00e0 600 000 \u20ac<\/p>\n<\/li>\n<li data-section-id=\"1y2v10a\" data-start=\"1187\" data-end=\"1203\">\n<p data-start=\"1189\" data-end=\"1203\">47 % au-del\u00e0<\/p>\n<\/li>\n<\/ul>\n<p data-start=\"1205\" data-end=\"1294\"><img decoding=\"async\" draggable=\"false\" role=\"img\" class=\"emoji\" alt=\"\ud83d\udccc\" src=\"https:\/\/s.w.org\/images\/core\/emoji\/17.0.2\/svg\/1f4cc.svg\"> Comparaison : le r\u00e9gime standard peut atteindre 47 % d\u00e8s des niveaux bien inf\u00e9rieurs<\/p>\n<hr data-start=\"1296\" data-end=\"1299\">\n<h2 data-section-id=\"wrc6zg\" data-start=\"1301\" data-end=\"1332\">Quels revenus sont impos\u00e9s ?<\/h2>\n<ul data-start=\"1334\" data-end=\"1419\">\n<li data-section-id=\"e42v75\" data-start=\"1334\" data-end=\"1373\">\n<p data-start=\"1336\" data-end=\"1373\">Revenus de travail li\u00e9s \u00e0 l\u2019Espagne<\/p>\n<\/li>\n<li data-section-id=\"nuq7z8\" data-start=\"1374\" data-end=\"1419\">\n<p data-start=\"1376\" data-end=\"1419\">Certains revenus mondiaux li\u00e9s \u00e0 l\u2019emploi<\/p>\n<\/li>\n<\/ul>\n<p data-start=\"1421\" data-end=\"1573\"><img decoding=\"async\" draggable=\"false\" role=\"img\" class=\"emoji\" alt=\"\ud83d\udccc\" src=\"https:\/\/s.w.org\/images\/core\/emoji\/17.0.2\/svg\/1f4cc.svg\"> Point important 2026 :<br data-start=\"1446\" data-end=\"1449\">Les revenus internationaux peuvent \u00eatre impos\u00e9s selon leur nature, et les conventions fiscales ne s\u2019appliquent pas toujours.<\/p>\n<hr data-start=\"1575\" data-end=\"1578\">\n<h2 data-section-id=\"1tqe0no\" data-start=\"1580\" data-end=\"1610\">Avantages de la loi Beckham<\/h2>\n<h3 data-section-id=\"cvyoa4\" data-start=\"1612\" data-end=\"1637\">Fiscalit\u00e9 avantageuse<\/h3>\n<ul data-start=\"1639\" data-end=\"1713\">\n<li data-section-id=\"4lebui\" data-start=\"1639\" data-end=\"1684\">\n<p data-start=\"1641\" data-end=\"1684\">Taux fixe plus bas que l\u2019imp\u00f4t progressif<\/p>\n<\/li>\n<li data-section-id=\"6lavqm\" data-start=\"1685\" data-end=\"1713\">\n<p data-start=\"1687\" data-end=\"1713\">Id\u00e9al pour hauts revenus<\/p>\n<\/li>\n<\/ul>\n<hr data-start=\"1715\" data-end=\"1718\">\n<h3 data-section-id=\"1k9jgev\" data-start=\"1720\" data-end=\"1767\">Pas d\u2019imposition sur le patrimoine \u00e9tranger<\/h3>\n<ul data-start=\"1769\" data-end=\"1840\">\n<li data-section-id=\"1inc30t\" data-start=\"1769\" data-end=\"1840\">\n<p data-start=\"1771\" data-end=\"1840\">Les actifs hors Espagne ne sont pas soumis \u00e0 l\u2019imp\u00f4t sur la fortune<\/p>\n<\/li>\n<\/ul>\n<hr data-start=\"1842\" data-end=\"1845\">\n<h3 data-section-id=\"vvpcsr\" data-start=\"1847\" data-end=\"1873\">D\u00e9claration simplifi\u00e9e<\/h3>\n<ul data-start=\"1875\" data-end=\"1943\">\n<li data-section-id=\"11anyun\" data-start=\"1875\" data-end=\"1904\">\n<p data-start=\"1877\" data-end=\"1904\">Utilisation du Modelo 151<\/p>\n<\/li>\n<li data-section-id=\"1q39lw7\" data-start=\"1905\" data-end=\"1943\">\n<p data-start=\"1907\" data-end=\"1943\">Moins de complexit\u00e9 administrative<\/p>\n<\/li>\n<\/ul>\n<hr data-start=\"1945\" data-end=\"1948\">\n<h2 data-section-id=\"8eedo4\" data-start=\"1950\" data-end=\"1978\">Inconv\u00e9nients \u00e0 conna\u00eetre<\/h2>\n<ul data-start=\"1980\" data-end=\"2085\">\n<li data-section-id=\"198if8f\" data-start=\"1980\" data-end=\"2010\">\n<p data-start=\"1982\" data-end=\"2010\">Pas de d\u00e9ductions fiscales<\/p>\n<\/li>\n<li data-section-id=\"9e8shc\" data-start=\"2011\" data-end=\"2043\">\n<p data-start=\"2013\" data-end=\"2043\">Pas d\u2019abattements personnels<\/p>\n<\/li>\n<li data-section-id=\"i7jhiu\" data-start=\"2044\" data-end=\"2085\">\n<p data-start=\"2046\" data-end=\"2085\">Acc\u00e8s limit\u00e9 aux conventions fiscales<\/p>\n<\/li>\n<\/ul>\n<hr data-start=\"2087\" data-end=\"2090\">\n<h2 data-section-id=\"v7cs9a\" data-start=\"2092\" data-end=\"2126\">Conditions d\u2019\u00e9ligibilit\u00e9 (2026)<\/h2>\n<p data-start=\"2128\" data-end=\"2155\">Pour b\u00e9n\u00e9ficier du r\u00e9gime :<\/p>\n<ul data-start=\"2157\" data-end=\"2422\">\n<li data-section-id=\"1vqcz9r\" data-start=\"2157\" data-end=\"2234\">\n<p data-start=\"2159\" data-end=\"2234\">Ne pas avoir \u00e9t\u00e9 r\u00e9sident fiscal en Espagne durant les 5 derni\u00e8res ann\u00e9es<\/p>\n<\/li>\n<li data-section-id=\"zvhov6\" data-start=\"2235\" data-end=\"2277\">\n<p data-start=\"2237\" data-end=\"2277\">S\u2019installer en Espagne pour travailler<\/p>\n<\/li>\n<li data-section-id=\"qgdb6t\" data-start=\"2278\" data-end=\"2332\">\n<p data-start=\"2280\" data-end=\"2332\">\u00catre salari\u00e9 ou dirigeant (conditions sp\u00e9cifiques)<\/p>\n<\/li>\n<li data-section-id=\"1irdfav\" data-start=\"2333\" data-end=\"2385\">\n<p data-start=\"2335\" data-end=\"2385\">Effectuer principalement son activit\u00e9 en Espagne<\/p>\n<\/li>\n<li data-section-id=\"1lytzw2\" data-start=\"2386\" data-end=\"2422\">\n<p data-start=\"2388\" data-end=\"2422\">Faire la demande dans les 6 mois<\/p>\n<\/li>\n<\/ul>\n<p data-start=\"2424\" data-end=\"2519\"><img decoding=\"async\" draggable=\"false\" role=\"img\" class=\"emoji\" alt=\"\ud83d\udccc\" src=\"https:\/\/s.w.org\/images\/core\/emoji\/17.0.2\/svg\/1f4cc.svg\"> Mise \u00e0 jour 2026 :<br data-start=\"2445\" data-end=\"2448\">Certains ind\u00e9pendants peuvent d\u00e9sormais \u00eatre \u00e9ligibles sous conditions.<\/p>\n<hr data-start=\"2521\" data-end=\"2524\">\n<h2 data-section-id=\"1ld56rr\" data-start=\"2526\" data-end=\"2549\">Proc\u00e9dure de demande<\/h2>\n<ol data-start=\"2551\" data-end=\"2728\">\n<li data-section-id=\"wge596\" data-start=\"2551\" data-end=\"2598\">\n<p data-start=\"2554\" data-end=\"2598\">S\u2019inscrire \u00e0 la s\u00e9curit\u00e9 sociale espagnole<\/p>\n<\/li>\n<li data-section-id=\"9d2uio\" data-start=\"2599\" data-end=\"2657\">\n<p data-start=\"2602\" data-end=\"2657\">D\u00e9poser la demande aupr\u00e8s de l\u2019administration fiscale<\/p>\n<\/li>\n<li data-section-id=\"xhk43k\" data-start=\"2658\" data-end=\"2700\">\n<p data-start=\"2661\" data-end=\"2700\">Fournir les justificatifs n\u00e9cessaires<\/p>\n<\/li>\n<li data-section-id=\"1d99134\" data-start=\"2701\" data-end=\"2728\">\n<p data-start=\"2704\" data-end=\"2728\">Attendre la validation<\/p>\n<\/li>\n<\/ol>\n<hr data-start=\"2730\" data-end=\"2733\">\n<h2 data-section-id=\"8y65uv\" data-start=\"2735\" data-end=\"2768\">Obligations fiscales annuelles<\/h2>\n<ul data-start=\"2770\" data-end=\"2868\">\n<li data-section-id=\"17kz9e7\" data-start=\"2770\" data-end=\"2800\">\n<p data-start=\"2772\" data-end=\"2800\">D\u00e9claration via Modelo 151<\/p>\n<\/li>\n<li data-section-id=\"1865zwm\" data-start=\"2801\" data-end=\"2827\">\n<p data-start=\"2803\" data-end=\"2827\">P\u00e9riode : avril \u00e0 juin<\/p>\n<\/li>\n<li data-section-id=\"2zis21\" data-start=\"2828\" data-end=\"2868\">\n<p data-start=\"2830\" data-end=\"2868\">D\u00e9claration obligatoire chaque ann\u00e9e<\/p>\n<\/li>\n<\/ul>\n<hr data-start=\"2870\" data-end=\"2873\">\n<h2 data-section-id=\"1gl0ez4\" data-start=\"2875\" data-end=\"2909\">Attention aux revenus \u00e9trangers<\/h2>\n<p data-start=\"2911\" data-end=\"2923\"><img decoding=\"async\" draggable=\"false\" role=\"img\" class=\"emoji\" alt=\"\ud83d\udea8\" src=\"https:\/\/s.w.org\/images\/core\/emoji\/17.0.2\/svg\/1f6a8.svg\"> En 2026 :<\/p>\n<ul data-start=\"2925\" data-end=\"3073\">\n<li data-section-id=\"12ostkw\" data-start=\"2925\" data-end=\"2987\">\n<p data-start=\"2927\" data-end=\"2987\">Certains revenus \u00e9trangers peuvent \u00eatre impos\u00e9s en Espagne<\/p>\n<\/li>\n<li data-section-id=\"sn3qkt\" data-start=\"2988\" data-end=\"3073\">\n<p data-start=\"2990\" data-end=\"3073\">Les conventions fiscales ne permettent pas toujours d\u2019\u00e9viter la double imposition<\/p>\n<\/li>\n<\/ul>\n<p data-start=\"3075\" data-end=\"3121\"><img decoding=\"async\" draggable=\"false\" role=\"img\" class=\"emoji\" alt=\"\ud83d\udc49\" src=\"https:\/\/s.w.org\/images\/core\/emoji\/17.0.2\/svg\/1f449.svg\"> Une analyse personnalis\u00e9e est essentielle<\/p>\n<hr data-start=\"3123\" data-end=\"3126\">\n<h2 data-section-id=\"1qo4y8i\" data-start=\"3128\" data-end=\"3163\">Comment Taxadora peut vous aider<\/h2>\n<p data-start=\"3165\" data-end=\"3196\">Taxadora vous accompagne pour :<\/p>\n<ul data-start=\"3198\" data-end=\"3342\">\n<li data-section-id=\"11q86xr\" data-start=\"3198\" data-end=\"3238\">\n<p data-start=\"3200\" data-end=\"3238\">Pr\u00e9parer et d\u00e9poser votre Modelo 151<\/p>\n<\/li>\n<li data-section-id=\"1t8vu9r\" data-start=\"3239\" data-end=\"3275\">\n<p data-start=\"3241\" data-end=\"3275\">V\u00e9rifier votre situation fiscale<\/p>\n<\/li>\n<li data-section-id=\"1cf5k8d\" data-start=\"3276\" data-end=\"3306\">\n<p data-start=\"3278\" data-end=\"3306\">Optimiser votre imposition<\/p>\n<\/li>\n<li data-section-id=\"1l3tbdr\" data-start=\"3307\" data-end=\"3342\">\n<p data-start=\"3309\" data-end=\"3342\">\u00c9viter les erreurs et p\u00e9nalit\u00e9s<\/p>\n<\/li>\n<\/ul>\n<p data-start=\"3344\" data-end=\"3436\"><img decoding=\"async\" draggable=\"false\" role=\"img\" class=\"emoji\" alt=\"\ud83d\udccc\" src=\"https:\/\/s.w.org\/images\/core\/emoji\/17.0.2\/svg\/1f4cc.svg\"> Nous ne g\u00e9rons pas la demande initiale, mais nous assurons toute la conformit\u00e9 annuelle<\/p>\n<hr data-start=\"3438\" data-end=\"3441\">\n<h2 data-section-id=\"xl8fot\" data-start=\"3443\" data-end=\"3486\">Pourquoi ce r\u00e9gime est important en 2026<\/h2>\n<ul data-start=\"3488\" data-end=\"3591\">\n<li data-section-id=\"tvm50s\" data-start=\"3488\" data-end=\"3521\">\n<p data-start=\"3490\" data-end=\"3521\">Forte mobilit\u00e9 internationale<\/p>\n<\/li>\n<li data-section-id=\"1t7sh8o\" data-start=\"3522\" data-end=\"3553\">\n<p data-start=\"3524\" data-end=\"3553\">Augmentation du t\u00e9l\u00e9travail<\/p>\n<\/li>\n<li data-section-id=\"zajnz4\" data-start=\"3554\" data-end=\"3591\">\n<p data-start=\"3556\" data-end=\"3591\">Pression fiscale accrue en Europe<\/p>\n<\/li>\n<\/ul>\n<p data-start=\"3593\" data-end=\"3654\"><img decoding=\"async\" draggable=\"false\" role=\"img\" class=\"emoji\" alt=\"\ud83d\udc49\" src=\"https:\/\/s.w.org\/images\/core\/emoji\/17.0.2\/svg\/1f449.svg\"> La loi Beckham reste un outil cl\u00e9 d\u2019optimisation fiscale<\/p>\n<hr data-start=\"3656\" data-end=\"3659\">\n<h2 data-section-id=\"8dtpi\" data-start=\"3661\" data-end=\"3674\">Conclusion<\/h2>\n<p data-start=\"3676\" data-end=\"3788\">La loi Beckham en Espagne est une opportunit\u00e9 majeure pour les expatri\u00e9s souhaitant r\u00e9duire leur charge fiscale.<\/p>\n<p data-start=\"3790\" data-end=\"3901\">Cependant, les r\u00e8gles \u00e9voluent et une mauvaise application peut entra\u00eener une imposition plus \u00e9lev\u00e9e que pr\u00e9vu.<\/p>\n<hr data-start=\"3903\" data-end=\"3906\">\n<h2 data-section-id=\"1rf0y8i\" data-start=\"3908\" data-end=\"3926\">Besoin d\u2019aide ?<\/h2>\n<p data-start=\"3928\" data-end=\"4019\">Taxadora vous accompagne pour une gestion simple et conforme de votre fiscalit\u00e9 en Espagne.<\/p>\n<p data-start=\"4021\" data-end=\"4091\"><img decoding=\"async\" draggable=\"false\" role=\"img\" class=\"emoji\" alt=\"\ud83d\udc49\" src=\"https:\/\/s.w.org\/images\/core\/emoji\/17.0.2\/svg\/1f449.svg\"> Contactez-nous d\u00e8s aujourd\u2019hui pour votre d\u00e9claration Beckham Law<\/p>\n<p data-start=\"4093\" data-end=\"4115\"><img decoding=\"async\" draggable=\"false\" role=\"img\" class=\"emoji\" alt=\"\ud83d\udce7\" src=\"https:\/\/s.w.org\/images\/core\/emoji\/17.0.2\/svg\/1f4e7.svg\"> <a class=\"decorated-link cursor-pointer\" rel=\"noopener\" data-start=\"4096\" data-end=\"4113\">info@taxadora.com<\/a><\/p>\t\t\t\t\t\t\t\t<\/div>\n\t\t\t\t<\/div>\n\t\t\t\t\t<\/div>\n\t\t<\/div>\n\t\t\t\t\t<\/div>\n\t\t<\/section>\n\t\t<div class=\"elementor-element elementor-element-a5a0a5f e-con-full e-flex e-con e-parent\" data-id=\"a5a0a5f\" data-element_type=\"container\" data-e-type=\"container\">\n\t\t\t\t<div class=\"elementor-element elementor-element-dccb90a elementor-widget elementor-widget-shortcode\" data-id=\"dccb90a\" data-element_type=\"widget\" data-e-type=\"widget\" data-widget_type=\"shortcode.default\">\n\t\t\t\t<div class=\"elementor-widget-container\">\n\t\t\t\t\t\t\t<div class=\"elementor-shortcode\">\t\t<div data-elementor-type=\"section\" data-elementor-id=\"14285\" class=\"elementor elementor-14285 elementor-13711 elementor-13711\" data-elementor-post-type=\"elementor_library\">\n\t\t\t\t\t<section class=\"elementor-section elementor-top-section elementor-element elementor-element-ac97c0d elementor-section-boxed elementor-section-height-default elementor-section-height-default\" data-id=\"ac97c0d\" data-element_type=\"section\" data-e-type=\"section\" id=\"non-residents\" data-settings=\"{&quot;background_background&quot;:&quot;classic&quot;}\">\n\t\t\t\t\t\t<div class=\"elementor-container elementor-column-gap-default\">\n\t\t\t\t\t<div class=\"elementor-column elementor-col-100 elementor-top-column elementor-element elementor-element-03c7dca\" data-id=\"03c7dca\" data-element_type=\"column\" data-e-type=\"column\">\n\t\t\t<div class=\"elementor-widget-wrap elementor-element-populated\">\n\t\t\t\t\t\t<div class=\"elementor-element elementor-element-bffffa2 text-balance elementor-widget elementor-widget-heading\" data-id=\"bffffa2\" data-element_type=\"widget\" data-e-type=\"widget\" data-widget_type=\"heading.default\">\n\t\t\t\t<div class=\"elementor-widget-container\">\n\t\t\t\t\t<h2 class=\"elementor-heading-title elementor-size-xxl\">Services fiscaux pour les non-r\u00e9sidents en Espagne en quelques minutes seulement<\/h2>\t\t\t\t<\/div>\n\t\t\t\t<\/div>\n\t\t\t\t<div class=\"elementor-element elementor-element-fc07fe8 elementor-widget elementor-widget-heading\" data-id=\"fc07fe8\" data-element_type=\"widget\" data-e-type=\"widget\" data-widget_type=\"heading.default\">\n\t\t\t\t<div class=\"elementor-widget-container\">\n\t\t\t\t\t<h2 class=\"elementor-heading-title elementor-size-xxl\">Taxes pour les non-r\u00e9sidents<\/h2>\t\t\t\t<\/div>\n\t\t\t\t<\/div>\n\t\t\t\t<div class=\"elementor-element elementor-element-6278b30 elementor-widget elementor-widget-text-editor\" data-id=\"6278b30\" data-element_type=\"widget\" data-e-type=\"widget\" data-widget_type=\"text-editor.default\">\n\t\t\t\t<div class=\"elementor-widget-container\">\n\t\t\t\t\t\t\t\t\tVous \u00eates consid\u00e9r\u00e9 comme non-r\u00e9sident si vous passez moins de 183 jours en Espagne et payez habituellement des imp\u00f4ts dans un autre pays. Les non-r\u00e9sidents poss\u00e9dant des biens ou des revenus en Espagne doivent d\u00e9clarer des imp\u00f4ts sp\u00e9cifiques, tels que les imp\u00f4ts fonciers ou les revenus locatifs, en utilisant des formulaires comme le Modelo 210.\t\t\t\t\t\t\t\t<\/div>\n\t\t\t\t<\/div>\n\t\t\t\t\t<\/div>\n\t\t<\/div>\n\t\t\t\t\t<\/div>\n\t\t<\/section>\n\t\t<div class=\"elementor-element elementor-element-b1802fe e-grid e-con-boxed e-con e-parent\" data-id=\"b1802fe\" data-element_type=\"container\" data-e-type=\"container\" data-settings=\"{&quot;background_background&quot;:&quot;classic&quot;}\">\n\t\t\t\t\t<div class=\"e-con-inner\">\n\t\t<div class=\"elementor-element elementor-element-9f30d12 e-con-full e-flex e-con e-child\" data-id=\"9f30d12\" data-element_type=\"container\" data-e-type=\"container\" data-settings=\"{&quot;background_background&quot;:&quot;classic&quot;}\">\n\t\t\t\t<div class=\"elementor-element elementor-element-35b7684 elementor-widget elementor-widget-heading\" data-id=\"35b7684\" data-element_type=\"widget\" data-e-type=\"widget\" data-widget_type=\"heading.default\">\n\t\t\t\t<div class=\"elementor-widget-container\">\n\t\t\t\t\t<div class=\"elementor-heading-title elementor-size-default\">Mod\u00e8le 210<\/div>\t\t\t\t<\/div>\n\t\t\t\t<\/div>\n\t\t\t\t<div class=\"elementor-element elementor-element-6d11548 elementor-widget elementor-widget-heading\" data-id=\"6d11548\" data-element_type=\"widget\" data-e-type=\"widget\" data-widget_type=\"heading.default\">\n\t\t\t\t<div class=\"elementor-widget-container\">\n\t\t\t\t\t<div class=\"elementor-heading-title elementor-size-default\">Imp\u00f4t des non-r\u00e9sidents<\/div>\t\t\t\t<\/div>\n\t\t\t\t<\/div>\n\t\t<div class=\"elementor-element elementor-element-a837ccb e-con-full e-flex e-con e-child\" data-id=\"a837ccb\" data-element_type=\"container\" data-e-type=\"container\">\n\t\t\t\t<div class=\"elementor-element elementor-element-9c0fecb elementor-widget elementor-widget-heading\" data-id=\"9c0fecb\" data-element_type=\"widget\" data-e-type=\"widget\" data-widget_type=\"heading.default\">\n\t\t\t\t<div class=\"elementor-widget-container\">\n\t\t\t\t\t<div class=\"elementor-heading-title elementor-size-default\">depuis<\/div>\t\t\t\t<\/div>\n\t\t\t\t<\/div>\n\t\t\t\t<div class=\"elementor-element elementor-element-de68510 elementor-widget elementor-widget-heading\" data-id=\"de68510\" data-element_type=\"widget\" data-e-type=\"widget\" data-widget_type=\"heading.default\">\n\t\t\t\t<div class=\"elementor-widget-container\">\n\t\t\t\t\t<div class=\"elementor-heading-title elementor-size-default\">34,95\u20ac<\/div>\t\t\t\t<\/div>\n\t\t\t\t<\/div>\n\t\t\t\t<\/div>\n\t\t\t\t<div class=\"elementor-element elementor-element-5a45eed elementor-widget elementor-widget-text-editor\" data-id=\"5a45eed\" data-element_type=\"widget\" data-e-type=\"widget\" data-widget_type=\"text-editor.default\">\n\t\t\t\t<div class=\"elementor-widget-container\">\n\t\t\t\t\t\t\t\t\tD\u00e9claration fiscale pour les non-r\u00e9sidents poss\u00e9dant une propri\u00e9t\u00e9 en Espagne. Nous g\u00e9rons tout \u00e0 distance.\t\t\t\t\t\t\t\t<\/div>\n\t\t\t\t<\/div>\n\t\t\t\t<div class=\"elementor-element elementor-element-48e0891 elementor-widget-divider--view-line elementor-widget elementor-widget-divider\" data-id=\"48e0891\" data-element_type=\"widget\" data-e-type=\"widget\" data-widget_type=\"divider.default\">\n\t\t\t\t<div class=\"elementor-widget-container\">\n\t\t\t\t\t\t\t<div class=\"elementor-divider\">\n\t\t\t<span class=\"elementor-divider-separator\">\n\t\t\t\t\t\t<\/span>\n\t\t<\/div>\n\t\t\t\t\t\t<\/div>\n\t\t\t\t<\/div>\n\t\t\t\t<div class=\"elementor-element elementor-element-b400c29 elementor-button-danger elementor-align-justify elementor-widget elementor-widget-button\" data-id=\"b400c29\" data-element_type=\"widget\" data-e-type=\"widget\" data-widget_type=\"button.default\">\n\t\t\t\t<div class=\"elementor-widget-container\">\n\t\t\t\t\t\t\t\t\t<div class=\"elementor-button-wrapper\">\n\t\t\t\t\t<a class=\"elementor-button elementor-button-link elementor-size-xl elementor-animation-shrink\" href=\"https:\/\/taxadora.com\/fr\/impot-des-non-residents-modelo-210-espagne\/\">\n\t\t\t\t\t\t<span class=\"elementor-button-content-wrapper\">\n\t\t\t\t\t\t\t\t\t<span class=\"elementor-button-text\">Commencez votre d\u00e9claration de revenus<\/span>\n\t\t\t\t\t<\/span>\n\t\t\t\t\t<\/a>\n\t\t\t\t<\/div>\n\t\t\t\t\t\t\t\t<\/div>\n\t\t\t\t<\/div>\n\t\t\t\t<\/div>\n\t\t<div class=\"elementor-element elementor-element-4ed83a9 e-con-full e-flex e-con e-child\" data-id=\"4ed83a9\" data-element_type=\"container\" data-e-type=\"container\" data-settings=\"{&quot;background_background&quot;:&quot;classic&quot;}\">\n\t\t\t\t<div class=\"elementor-element elementor-element-75323b7 elementor-widget elementor-widget-heading\" data-id=\"75323b7\" data-element_type=\"widget\" data-e-type=\"widget\" data-widget_type=\"heading.default\">\n\t\t\t\t<div class=\"elementor-widget-container\">\n\t\t\t\t\t<div class=\"elementor-heading-title elementor-size-default\">Mod\u00e8le 210<\/div>\t\t\t\t<\/div>\n\t\t\t\t<\/div>\n\t\t\t\t<div class=\"elementor-element elementor-element-613b533 elementor-widget elementor-widget-heading\" data-id=\"613b533\" data-element_type=\"widget\" data-e-type=\"widget\" data-widget_type=\"heading.default\">\n\t\t\t\t<div class=\"elementor-widget-container\">\n\t\t\t\t\t<div class=\"elementor-heading-title elementor-size-default\">Imp\u00f4ts sur les revenus locatifs<\/div>\t\t\t\t<\/div>\n\t\t\t\t<\/div>\n\t\t<div class=\"elementor-element elementor-element-d9a5c9e e-con-full e-flex e-con e-child\" data-id=\"d9a5c9e\" data-element_type=\"container\" data-e-type=\"container\">\n\t\t<div class=\"elementor-element elementor-element-7e7ce73 e-con-full e-flex e-con e-child\" data-id=\"7e7ce73\" data-element_type=\"container\" data-e-type=\"container\">\n\t\t\t\t<div class=\"elementor-element elementor-element-69cd743 elementor-widget elementor-widget-heading\" data-id=\"69cd743\" data-element_type=\"widget\" data-e-type=\"widget\" data-widget_type=\"heading.default\">\n\t\t\t\t<div class=\"elementor-widget-container\">\n\t\t\t\t\t<div class=\"elementor-heading-title elementor-size-default\">depuis<\/div>\t\t\t\t<\/div>\n\t\t\t\t<\/div>\n\t\t\t\t<div class=\"elementor-element elementor-element-63162fa elementor-widget elementor-widget-heading\" data-id=\"63162fa\" data-element_type=\"widget\" data-e-type=\"widget\" data-widget_type=\"heading.default\">\n\t\t\t\t<div class=\"elementor-widget-container\">\n\t\t\t\t\t<div class=\"elementor-heading-title elementor-size-default\">49\u20ac<\/div>\t\t\t\t<\/div>\n\t\t\t\t<\/div>\n\t\t\t\t<\/div>\n\t\t\t\t<\/div>\n\t\t\t\t<div class=\"elementor-element elementor-element-dd06d84 elementor-widget elementor-widget-text-editor\" data-id=\"dd06d84\" data-element_type=\"widget\" data-e-type=\"widget\" data-widget_type=\"text-editor.default\">\n\t\t\t\t<div class=\"elementor-widget-container\">\n\t\t\t\t\t\t\t\t\tLes non-r\u00e9sidents qui louent un bien immobilier en Espagne doivent d\u00e9clarer leurs revenus locatifs trimestriellement.\t\t\t\t\t\t\t\t<\/div>\n\t\t\t\t<\/div>\n\t\t\t\t<div class=\"elementor-element elementor-element-2774e99 elementor-widget-divider--view-line elementor-widget elementor-widget-divider\" data-id=\"2774e99\" data-element_type=\"widget\" data-e-type=\"widget\" data-widget_type=\"divider.default\">\n\t\t\t\t<div class=\"elementor-widget-container\">\n\t\t\t\t\t\t\t<div class=\"elementor-divider\">\n\t\t\t<span class=\"elementor-divider-separator\">\n\t\t\t\t\t\t<\/span>\n\t\t<\/div>\n\t\t\t\t\t\t<\/div>\n\t\t\t\t<\/div>\n\t\t\t\t<div class=\"elementor-element elementor-element-3cab665 elementor-button-danger elementor-align-justify elementor-widget elementor-widget-button\" data-id=\"3cab665\" data-element_type=\"widget\" data-e-type=\"widget\" data-widget_type=\"button.default\">\n\t\t\t\t<div class=\"elementor-widget-container\">\n\t\t\t\t\t\t\t\t\t<div class=\"elementor-button-wrapper\">\n\t\t\t\t\t<a class=\"elementor-button elementor-button-link elementor-size-xl elementor-animation-shrink\" href=\"https:\/\/taxadora.com\/fr\/impots-sur-les-revenus-locatifs-en-espagne\/\">\n\t\t\t\t\t\t<span class=\"elementor-button-content-wrapper\">\n\t\t\t\t\t\t\t\t\t<span class=\"elementor-button-text\">Commencez votre d\u00e9claration de revenus<\/span>\n\t\t\t\t\t<\/span>\n\t\t\t\t\t<\/a>\n\t\t\t\t<\/div>\n\t\t\t\t\t\t\t\t<\/div>\n\t\t\t\t<\/div>\n\t\t\t\t<\/div>\n\t\t<div class=\"elementor-element elementor-element-0558301 e-con-full e-flex e-con e-child\" data-id=\"0558301\" data-element_type=\"container\" data-e-type=\"container\" data-settings=\"{&quot;background_background&quot;:&quot;classic&quot;}\">\n\t\t\t\t<div class=\"elementor-element elementor-element-c6e38bb elementor-widget elementor-widget-heading\" data-id=\"c6e38bb\" data-element_type=\"widget\" data-e-type=\"widget\" data-widget_type=\"heading.default\">\n\t\t\t\t<div class=\"elementor-widget-container\">\n\t\t\t\t\t<div class=\"elementor-heading-title elementor-size-default\">Mod\u00e8le 210<\/div>\t\t\t\t<\/div>\n\t\t\t\t<\/div>\n\t\t\t\t<div class=\"elementor-element elementor-element-af55368 elementor-widget elementor-widget-heading\" data-id=\"af55368\" data-element_type=\"widget\" data-e-type=\"widget\" data-widget_type=\"heading.default\">\n\t\t\t\t<div class=\"elementor-widget-container\">\n\t\t\t\t\t<div class=\"elementor-heading-title elementor-size-default\">Taxe sur la vente de propri\u00e9t\u00e9<\/div>\t\t\t\t<\/div>\n\t\t\t\t<\/div>\n\t\t<div class=\"elementor-element elementor-element-b1132ea e-con-full e-flex e-con e-child\" data-id=\"b1132ea\" data-element_type=\"container\" data-e-type=\"container\">\n\t\t\t\t<div class=\"elementor-element elementor-element-aefc71b elementor-widget elementor-widget-heading\" data-id=\"aefc71b\" data-element_type=\"widget\" data-e-type=\"widget\" data-widget_type=\"heading.default\">\n\t\t\t\t<div class=\"elementor-widget-container\">\n\t\t\t\t\t<div class=\"elementor-heading-title elementor-size-default\">depuis<\/div>\t\t\t\t<\/div>\n\t\t\t\t<\/div>\n\t\t\t\t<div class=\"elementor-element elementor-element-9b38410 elementor-widget elementor-widget-heading\" data-id=\"9b38410\" data-element_type=\"widget\" data-e-type=\"widget\" data-widget_type=\"heading.default\">\n\t\t\t\t<div class=\"elementor-widget-container\">\n\t\t\t\t\t<div class=\"elementor-heading-title elementor-size-default\">198\u20ac<\/div>\t\t\t\t<\/div>\n\t\t\t\t<\/div>\n\t\t\t\t<\/div>\n\t\t\t\t<div class=\"elementor-element elementor-element-5be4cbe elementor-widget elementor-widget-text-editor\" data-id=\"5be4cbe\" data-element_type=\"widget\" data-e-type=\"widget\" data-widget_type=\"text-editor.default\">\n\t\t\t\t<div class=\"elementor-widget-container\">\n\t\t\t\t\t\t\t\t\tLes non-r\u00e9sidents qui vendent un bien immobilier doivent d\u00e9clarer la vente et les plus-values, avec une retenue de 3%.\t\t\t\t\t\t\t\t<\/div>\n\t\t\t\t<\/div>\n\t\t\t\t<div class=\"elementor-element elementor-element-af0b3ee elementor-widget-divider--view-line elementor-widget elementor-widget-divider\" data-id=\"af0b3ee\" data-element_type=\"widget\" data-e-type=\"widget\" data-widget_type=\"divider.default\">\n\t\t\t\t<div class=\"elementor-widget-container\">\n\t\t\t\t\t\t\t<div class=\"elementor-divider\">\n\t\t\t<span class=\"elementor-divider-separator\">\n\t\t\t\t\t\t<\/span>\n\t\t<\/div>\n\t\t\t\t\t\t<\/div>\n\t\t\t\t<\/div>\n\t\t\t\t<div class=\"elementor-element elementor-element-1bf52a3 elementor-button-danger elementor-align-justify elementor-widget elementor-widget-button\" data-id=\"1bf52a3\" data-element_type=\"widget\" data-e-type=\"widget\" data-widget_type=\"button.default\">\n\t\t\t\t<div class=\"elementor-widget-container\">\n\t\t\t\t\t\t\t\t\t<div class=\"elementor-button-wrapper\">\n\t\t\t\t\t<a class=\"elementor-button elementor-button-link elementor-size-xl elementor-animation-shrink\" href=\"https:\/\/taxadora.com\/fr\/taxes-de-vente-de-propriete\/\">\n\t\t\t\t\t\t<span class=\"elementor-button-content-wrapper\">\n\t\t\t\t\t\t\t\t\t<span class=\"elementor-button-text\">Commencez votre d\u00e9claration de revenus<\/span>\n\t\t\t\t\t<\/span>\n\t\t\t\t\t<\/a>\n\t\t\t\t<\/div>\n\t\t\t\t\t\t\t\t<\/div>\n\t\t\t\t<\/div>\n\t\t\t\t<\/div>\n\t\t\t\t\t<\/div>\n\t\t\t\t<\/div>\n\t\t\t\t<section class=\"elementor-section elementor-top-section elementor-element elementor-element-794373b elementor-section-boxed elementor-section-height-default elementor-section-height-default\" data-id=\"794373b\" data-element_type=\"section\" data-e-type=\"section\" id=\"residents\" data-settings=\"{&quot;background_background&quot;:&quot;classic&quot;}\">\n\t\t\t\t\t\t<div class=\"elementor-container elementor-column-gap-default\">\n\t\t\t\t\t<div class=\"elementor-column elementor-col-100 elementor-top-column elementor-element elementor-element-f2f0584\" data-id=\"f2f0584\" data-element_type=\"column\" data-e-type=\"column\">\n\t\t\t<div class=\"elementor-widget-wrap elementor-element-populated\">\n\t\t\t\t\t\t<div class=\"elementor-element elementor-element-01176f1 text-balance elementor-widget elementor-widget-heading\" data-id=\"01176f1\" data-element_type=\"widget\" data-e-type=\"widget\" data-widget_type=\"heading.default\">\n\t\t\t\t<div class=\"elementor-widget-container\">\n\t\t\t\t\t<h2 class=\"elementor-heading-title elementor-size-xxl\">D\u00e9claration de revenus pour les r\u00e9sidents en Espagne, simplifi\u00e9e<\/h2>\t\t\t\t<\/div>\n\t\t\t\t<\/div>\n\t\t\t\t<div class=\"elementor-element elementor-element-d582ee4 elementor-widget elementor-widget-heading\" data-id=\"d582ee4\" data-element_type=\"widget\" data-e-type=\"widget\" data-widget_type=\"heading.default\">\n\t\t\t\t<div class=\"elementor-widget-container\">\n\t\t\t\t\t<h2 class=\"elementor-heading-title elementor-size-xxl\">Taxes pour les r\u00e9sidents<\/h2>\t\t\t\t<\/div>\n\t\t\t\t<\/div>\n\t\t\t\t<div class=\"elementor-element elementor-element-1b2d3e1 elementor-widget elementor-widget-text-editor\" data-id=\"1b2d3e1\" data-element_type=\"widget\" data-e-type=\"widget\" data-widget_type=\"text-editor.default\">\n\t\t\t\t<div class=\"elementor-widget-container\">\n\t\t\t\t\t\t\t\t\tVous \u00eates consid\u00e9r\u00e9 comme r\u00e9sident fiscal en Espagne si vous passez plus de 183 jours par an dans le pays. \u00catre r\u00e9sident signifie que vous devez d\u00e9clarer vos revenus globaux, quel que soit l&rsquo;endroit o\u00f9 ils sont gagn\u00e9s, et d\u00e9clarer vos imp\u00f4ts chaque ann\u00e9e en Espagne.\t\t\t\t\t\t\t\t<\/div>\n\t\t\t\t<\/div>\n\t\t\t\t\t<\/div>\n\t\t<\/div>\n\t\t\t\t\t<\/div>\n\t\t<\/section>\n\t\t<div class=\"elementor-element elementor-element-f26edf6 e-grid e-con-boxed e-con e-parent\" data-id=\"f26edf6\" data-element_type=\"container\" data-e-type=\"container\" data-settings=\"{&quot;background_background&quot;:&quot;classic&quot;}\">\n\t\t\t\t\t<div class=\"e-con-inner\">\n\t\t<div class=\"elementor-element elementor-element-c0279b4 e-con-full e-flex e-con e-child\" data-id=\"c0279b4\" data-element_type=\"container\" data-e-type=\"container\" data-settings=\"{&quot;background_background&quot;:&quot;classic&quot;}\">\n\t\t\t\t<div class=\"elementor-element elementor-element-093ca89 elementor-widget elementor-widget-heading\" data-id=\"093ca89\" data-element_type=\"widget\" data-e-type=\"widget\" data-widget_type=\"heading.default\">\n\t\t\t\t<div class=\"elementor-widget-container\">\n\t\t\t\t\t<div class=\"elementor-heading-title elementor-size-default\">Mod\u00e8le 100<\/div>\t\t\t\t<\/div>\n\t\t\t\t<\/div>\n\t\t\t\t<div class=\"elementor-element elementor-element-96b6874 elementor-widget elementor-widget-heading\" data-id=\"96b6874\" data-element_type=\"widget\" data-e-type=\"widget\" data-widget_type=\"heading.default\">\n\t\t\t\t<div class=\"elementor-widget-container\">\n\t\t\t\t\t<div class=\"elementor-heading-title elementor-size-default\">Imp\u00f4ts pour les r\u00e9sidents en Espagne (IRPF)<\/div>\t\t\t\t<\/div>\n\t\t\t\t<\/div>\n\t\t<div class=\"elementor-element elementor-element-76854e4 e-con-full e-flex e-con e-child\" data-id=\"76854e4\" data-element_type=\"container\" data-e-type=\"container\">\n\t\t\t\t<div class=\"elementor-element elementor-element-0e2d2be elementor-widget elementor-widget-heading\" data-id=\"0e2d2be\" data-element_type=\"widget\" data-e-type=\"widget\" data-widget_type=\"heading.default\">\n\t\t\t\t<div class=\"elementor-widget-container\">\n\t\t\t\t\t<div class=\"elementor-heading-title elementor-size-default\">depuis<\/div>\t\t\t\t<\/div>\n\t\t\t\t<\/div>\n\t\t\t\t<div class=\"elementor-element elementor-element-9d19f0f elementor-widget elementor-widget-heading\" data-id=\"9d19f0f\" data-element_type=\"widget\" data-e-type=\"widget\" data-widget_type=\"heading.default\">\n\t\t\t\t<div class=\"elementor-widget-container\">\n\t\t\t\t\t<div class=\"elementor-heading-title elementor-size-default\">123\u20ac<\/div>\t\t\t\t<\/div>\n\t\t\t\t<\/div>\n\t\t\t\t<\/div>\n\t\t\t\t<div class=\"elementor-element elementor-element-4c39114 elementor-widget elementor-widget-text-editor\" data-id=\"4c39114\" data-element_type=\"widget\" data-e-type=\"widget\" data-widget_type=\"text-editor.default\">\n\t\t\t\t<div class=\"elementor-widget-container\">\n\t\t\t\t\t\t\t\t\tLes r\u00e9sidents en Espagne doivent d\u00e9clarer leur revenu global chaque ann\u00e9e, quel que soit leur visa ou permis.\t\t\t\t\t\t\t\t<\/div>\n\t\t\t\t<\/div>\n\t\t\t\t<div class=\"elementor-element elementor-element-61b4f56 elementor-widget-divider--view-line elementor-widget elementor-widget-divider\" data-id=\"61b4f56\" data-element_type=\"widget\" data-e-type=\"widget\" data-widget_type=\"divider.default\">\n\t\t\t\t<div class=\"elementor-widget-container\">\n\t\t\t\t\t\t\t<div class=\"elementor-divider\">\n\t\t\t<span class=\"elementor-divider-separator\">\n\t\t\t\t\t\t<\/span>\n\t\t<\/div>\n\t\t\t\t\t\t<\/div>\n\t\t\t\t<\/div>\n\t\t\t\t<div class=\"elementor-element elementor-element-6bc7486 elementor-button-danger elementor-align-justify elementor-widget elementor-widget-button\" data-id=\"6bc7486\" data-element_type=\"widget\" data-e-type=\"widget\" data-widget_type=\"button.default\">\n\t\t\t\t<div class=\"elementor-widget-container\">\n\t\t\t\t\t\t\t\t\t<div class=\"elementor-button-wrapper\">\n\t\t\t\t\t<a class=\"elementor-button elementor-button-link elementor-size-xl elementor-animation-shrink\" href=\"https:\/\/taxadora.com\/fr\/impots-pour-residents-en-espagne\/\">\n\t\t\t\t\t\t<span class=\"elementor-button-content-wrapper\">\n\t\t\t\t\t\t\t\t\t<span class=\"elementor-button-text\">Commencez votre d\u00e9claration de revenus<\/span>\n\t\t\t\t\t<\/span>\n\t\t\t\t\t<\/a>\n\t\t\t\t<\/div>\n\t\t\t\t\t\t\t\t<\/div>\n\t\t\t\t<\/div>\n\t\t\t\t<\/div>\n\t\t<div class=\"elementor-element elementor-element-5ea1a61 e-con-full e-flex e-con e-child\" data-id=\"5ea1a61\" data-element_type=\"container\" data-e-type=\"container\" data-settings=\"{&quot;background_background&quot;:&quot;classic&quot;}\">\n\t\t\t\t<div class=\"elementor-element elementor-element-aff0057 elementor-widget elementor-widget-heading\" data-id=\"aff0057\" data-element_type=\"widget\" data-e-type=\"widget\" data-widget_type=\"heading.default\">\n\t\t\t\t<div class=\"elementor-widget-container\">\n\t\t\t\t\t<div class=\"elementor-heading-title elementor-size-default\">Mod\u00e8le 720<\/div>\t\t\t\t<\/div>\n\t\t\t\t<\/div>\n\t\t\t\t<div class=\"elementor-element elementor-element-4d7660f elementor-widget elementor-widget-heading\" data-id=\"4d7660f\" data-element_type=\"widget\" data-e-type=\"widget\" data-widget_type=\"heading.default\">\n\t\t\t\t<div class=\"elementor-widget-container\">\n\t\t\t\t\t<div class=\"elementor-heading-title elementor-size-default\">D\u00e9claration d'avoirs \u00e9trangers<\/div>\t\t\t\t<\/div>\n\t\t\t\t<\/div>\n\t\t<div class=\"elementor-element elementor-element-aa3dce6 e-con-full e-flex e-con e-child\" data-id=\"aa3dce6\" data-element_type=\"container\" data-e-type=\"container\">\n\t\t\t\t<div class=\"elementor-element elementor-element-fb20a97 elementor-widget elementor-widget-heading\" data-id=\"fb20a97\" data-element_type=\"widget\" data-e-type=\"widget\" data-widget_type=\"heading.default\">\n\t\t\t\t<div class=\"elementor-widget-container\">\n\t\t\t\t\t<div class=\"elementor-heading-title elementor-size-default\">from<\/div>\t\t\t\t<\/div>\n\t\t\t\t<\/div>\n\t\t\t\t<div class=\"elementor-element elementor-element-bcde79d elementor-widget elementor-widget-heading\" data-id=\"bcde79d\" data-element_type=\"widget\" data-e-type=\"widget\" data-widget_type=\"heading.default\">\n\t\t\t\t<div class=\"elementor-widget-container\">\n\t\t\t\t\t<div class=\"elementor-heading-title elementor-size-default\">148\u20ac<\/div>\t\t\t\t<\/div>\n\t\t\t\t<\/div>\n\t\t\t\t<\/div>\n\t\t\t\t<div class=\"elementor-element elementor-element-efa350b elementor-widget elementor-widget-text-editor\" data-id=\"efa350b\" data-element_type=\"widget\" data-e-type=\"widget\" data-widget_type=\"text-editor.default\">\n\t\t\t\t<div class=\"elementor-widget-container\">\n\t\t\t\t\t\t\t\t\tLes r\u00e9sidents en Espagne poss\u00e9dant des actifs \u00e0 l&rsquo;\u00e9tranger doivent les d\u00e9clarer pour \u00e9viter les amendes, m\u00eame sans devoir payer d&rsquo;imp\u00f4ts.\t\t\t\t\t\t\t\t<\/div>\n\t\t\t\t<\/div>\n\t\t\t\t<div class=\"elementor-element elementor-element-90df537 elementor-widget-divider--view-line elementor-widget elementor-widget-divider\" data-id=\"90df537\" data-element_type=\"widget\" data-e-type=\"widget\" data-widget_type=\"divider.default\">\n\t\t\t\t<div class=\"elementor-widget-container\">\n\t\t\t\t\t\t\t<div class=\"elementor-divider\">\n\t\t\t<span class=\"elementor-divider-separator\">\n\t\t\t\t\t\t<\/span>\n\t\t<\/div>\n\t\t\t\t\t\t<\/div>\n\t\t\t\t<\/div>\n\t\t\t\t<div class=\"elementor-element elementor-element-3d876b9 elementor-button-danger elementor-align-justify elementor-widget elementor-widget-button\" data-id=\"3d876b9\" data-element_type=\"widget\" data-e-type=\"widget\" data-widget_type=\"button.default\">\n\t\t\t\t<div class=\"elementor-widget-container\">\n\t\t\t\t\t\t\t\t\t<div class=\"elementor-button-wrapper\">\n\t\t\t\t\t<a class=\"elementor-button elementor-button-link elementor-size-xl elementor-animation-shrink\" href=\"https:\/\/taxadora.com\/fr\/modelo-720-declaration-des-actifs-etrangers\/\">\n\t\t\t\t\t\t<span class=\"elementor-button-content-wrapper\">\n\t\t\t\t\t\t\t\t\t<span class=\"elementor-button-text\">Commencez votre d\u00e9claration de revenus<\/span>\n\t\t\t\t\t<\/span>\n\t\t\t\t\t<\/a>\n\t\t\t\t<\/div>\n\t\t\t\t\t\t\t\t<\/div>\n\t\t\t\t<\/div>\n\t\t\t\t<\/div>\n\t\t<div class=\"elementor-element elementor-element-2f28c6e e-con-full e-flex e-con e-child\" data-id=\"2f28c6e\" data-element_type=\"container\" data-e-type=\"container\" data-settings=\"{&quot;background_background&quot;:&quot;classic&quot;}\">\n\t\t\t\t<div class=\"elementor-element elementor-element-1f48bb1 elementor-widget elementor-widget-heading\" data-id=\"1f48bb1\" data-element_type=\"widget\" data-e-type=\"widget\" data-widget_type=\"heading.default\">\n\t\t\t\t<div class=\"elementor-widget-container\">\n\t\t\t\t\t<div class=\"elementor-heading-title elementor-size-default\">Autres proc\u00e9dures<\/div>\t\t\t\t<\/div>\n\t\t\t\t<\/div>\n\t\t\t\t<div class=\"elementor-element elementor-element-80c199e elementor-widget elementor-widget-heading\" data-id=\"80c199e\" data-element_type=\"widget\" data-e-type=\"widget\" data-widget_type=\"heading.default\">\n\t\t\t\t<div class=\"elementor-widget-container\">\n\t\t\t\t\t<div class=\"elementor-heading-title elementor-size-default\">Droits de succession, de donations, d'imp\u00f4t sur la fortune, d\u00e9claration d'imp\u00f4t \"Loi Beckham\" et autres<\/div>\t\t\t\t<\/div>\n\t\t\t\t<\/div>\n\t\t\t\t<div class=\"elementor-element elementor-element-7708f52 elementor-widget elementor-widget-text-editor\" data-id=\"7708f52\" data-element_type=\"widget\" data-e-type=\"widget\" data-widget_type=\"text-editor.default\">\n\t\t\t\t<div class=\"elementor-widget-container\">\n\t\t\t\t\t\t\t\t\tContactez-nous pour une assistance sur un large \u00e9ventail de d\u00e9marches fiscales, adapt\u00e9es \u00e0 vos besoins\t\t\t\t\t\t\t\t<\/div>\n\t\t\t\t<\/div>\n\t\t\t\t<div class=\"elementor-element elementor-element-dab9f83 elementor-widget-divider--view-line elementor-widget elementor-widget-divider\" data-id=\"dab9f83\" data-element_type=\"widget\" data-e-type=\"widget\" data-widget_type=\"divider.default\">\n\t\t\t\t<div class=\"elementor-widget-container\">\n\t\t\t\t\t\t\t<div class=\"elementor-divider\">\n\t\t\t<span class=\"elementor-divider-separator\">\n\t\t\t\t\t\t<\/span>\n\t\t<\/div>\n\t\t\t\t\t\t<\/div>\n\t\t\t\t<\/div>\n\t\t\t\t<div class=\"elementor-element elementor-element-a289348 elementor-button-danger elementor-align-justify elementor-widget elementor-widget-button\" data-id=\"a289348\" data-element_type=\"widget\" data-e-type=\"widget\" data-widget_type=\"button.default\">\n\t\t\t\t<div class=\"elementor-widget-container\">\n\t\t\t\t\t\t\t\t\t<div class=\"elementor-button-wrapper\">\n\t\t\t\t\t<a class=\"elementor-button elementor-button-link elementor-size-xl elementor-animation-shrink\" href=\"mailto:info@taxadora.com\">\n\t\t\t\t\t\t<span class=\"elementor-button-content-wrapper\">\n\t\t\t\t\t\t\t\t\t<span class=\"elementor-button-text\">Contactez-nous<\/span>\n\t\t\t\t\t<\/span>\n\t\t\t\t\t<\/a>\n\t\t\t\t<\/div>\n\t\t\t\t\t\t\t\t<\/div>\n\t\t\t\t<\/div>\n\t\t\t\t<\/div>\n\t\t\t\t\t<\/div>\n\t\t\t\t<\/div>\n\t\t\t\t<\/div>\n\t\t<\/div>\n\t\t\t\t\t\t<\/div>\n\t\t\t\t<\/div>\n\t\t\t\t<\/div>\n\t\t\t\t<\/div>\n\t\t","protected":false},"excerpt":{"rendered":"<p>Loi Beckham en Espagne (2026) : Avantages Fiscaux pour les Expatri\u00e9s Guide complet 2026 \u2013 Fiscalit\u00e9 des expatri\u00e9s en Espagne Aper\u00e7u rapide Taux fixe : 24 % jusqu\u2019\u00e0 600 000 \u20ac Revenus \u00e9trangers g\u00e9n\u00e9ralement exclus (sauf cas sp\u00e9cifiques) D\u00e9claration via Modelo 151 Dur\u00e9e : jusqu\u2019\u00e0 6 ans D\u00e9lai de demande : 6 mois Introduction La [&hellip;]<\/p>\n","protected":false},"author":1,"featured_media":0,"comment_status":"open","ping_status":"open","sticky":false,"template":"","format":"standard","meta":{"footnotes":""},"categories":[157],"tags":[],"class_list":["post-19822","post","type-post","status-publish","format-standard","hentry","category-non-classifiee"],"_links":{"self":[{"href":"https:\/\/taxadora.com\/fr\/wp-json\/wp\/v2\/posts\/19822","targetHints":{"allow":["GET"]}}],"collection":[{"href":"https:\/\/taxadora.com\/fr\/wp-json\/wp\/v2\/posts"}],"about":[{"href":"https:\/\/taxadora.com\/fr\/wp-json\/wp\/v2\/types\/post"}],"author":[{"embeddable":true,"href":"https:\/\/taxadora.com\/fr\/wp-json\/wp\/v2\/users\/1"}],"replies":[{"embeddable":true,"href":"https:\/\/taxadora.com\/fr\/wp-json\/wp\/v2\/comments?post=19822"}],"version-history":[{"count":4,"href":"https:\/\/taxadora.com\/fr\/wp-json\/wp\/v2\/posts\/19822\/revisions"}],"predecessor-version":[{"id":19826,"href":"https:\/\/taxadora.com\/fr\/wp-json\/wp\/v2\/posts\/19822\/revisions\/19826"}],"wp:attachment":[{"href":"https:\/\/taxadora.com\/fr\/wp-json\/wp\/v2\/media?parent=19822"}],"wp:term":[{"taxonomy":"category","embeddable":true,"href":"https:\/\/taxadora.com\/fr\/wp-json\/wp\/v2\/categories?post=19822"},{"taxonomy":"post_tag","embeddable":true,"href":"https:\/\/taxadora.com\/fr\/wp-json\/wp\/v2\/tags?post=19822"}],"curies":[{"name":"wp","href":"https:\/\/api.w.org\/{rel}","templated":true}]}}